{"id":24665,"date":"2026-03-13T13:12:06","date_gmt":"2026-03-13T12:12:06","guid":{"rendered":"https:\/\/esztar.hu\/?p=24665"},"modified":"2026-03-13T13:16:50","modified_gmt":"2026-03-13T12:16:50","slug":"1848-49","status":"publish","type":"post","link":"https:\/\/esztar.hu\/?p=24665","title":{"rendered":"1848-49"},"content":{"rendered":"<div class=\"wp-block-image\"><img fetchpriority=\"high\" decoding=\"async\" class=\"wpa-warning wpa-image-missing-alt aligncenter size-full wp-image-24666\" src=\"https:\/\/esztar.hu\/wp-content\/uploads\/2026\/03\/20260313_095735-scaled.jpg\" alt=\"\" width=\"2560\" height=\"1920\" data-warning=\"Missing alt text\" srcset=\"https:\/\/esztar.hu\/wp-content\/uploads\/2026\/03\/20260313_095735-scaled.jpg 2560w, https:\/\/esztar.hu\/wp-content\/uploads\/2026\/03\/20260313_095735-768x576.jpg 768w, https:\/\/esztar.hu\/wp-content\/uploads\/2026\/03\/20260313_095735-1536x1152.jpg 1536w, https:\/\/esztar.hu\/wp-content\/uploads\/2026\/03\/20260313_095735-2048x1536.jpg 2048w, https:\/\/esztar.hu\/wp-content\/uploads\/2026\/03\/20260313_095735-16x12.jpg 16w\" sizes=\"(max-width: 2560px) 100vw, 2560px\" \/><\/div>\n<div>\n<p class=\"isSelectedEnd\">A K\u00f6z\u00f6ss\u00e9gi Sz\u00ednt\u00e9r is \u00fcnnepi k\u00fcls\u0151t kapott a m\u00e1rciusi ifjak tisztelet\u00e9re. \ud83c\udded\ud83c\uddfa<\/p>\n<p class=\"isSelectedEnd\">A nemzeti sz\u00ednekbe \u00f6lt\u00f6ztetett dekor\u00e1ci\u00f3val eml\u00e9kez\u00fcnk az 1848\u201349-es forradalom \u00e9s szabads\u00e1gharc h\u0151seire, valamint mindazokra, akik a szabads\u00e1g\u00e9rt \u00e9s a haz\u00e1\u00e9rt k\u00fczd\u00f6ttek.<\/p>\n<p>Fontos sz\u00e1munkra, hogy m\u00e9lt\u00f3 m\u00f3don \u0151rizz\u00fck t\u00f6rt\u00e9nelm\u00fcnk eml\u00e9k\u00e9t, \u00e9s k\u00f6z\u00f6ss\u00e9g\u00fcnk egy\u00fctt tisztelegjen a m\u00e1rciusi ifjak b\u00e1tors\u00e1ga \u00e9s hazaszeretete el\u0151tt.<\/p>\n<p>\u2764\ufe0f\ud83e\udd0d\ud83d\udc9a<\/p>\n<\/div>\n","protected":false},"excerpt":{"rendered":"<p>A K\u00f6z\u00f6ss\u00e9gi Sz\u00ednt\u00e9r is \u00fcnnepi k\u00fcls\u0151t kapott a m\u00e1rciusi ifjak tisztelet\u00e9re. \ud83c\udded\ud83c\uddfa A nemzeti sz\u00ednekbe \u00f6lt\u00f6ztetett dekor\u00e1ci\u00f3val eml\u00e9kez\u00fcnk az 1848\u201349-es forradalom \u00e9s szabads\u00e1gharc h\u0151seire, valamint mindazokra, akik a szabads\u00e1g\u00e9rt \u00e9s a haz\u00e1\u00e9rt k\u00fczd\u00f6ttek. Fontos sz\u00e1munkra, hogy m\u00e9lt\u00f3 m\u00f3don \u0151rizz\u00fck t\u00f6rt\u00e9nelm\u00fcnk eml\u00e9k\u00e9t, \u00e9s k\u00f6z\u00f6ss\u00e9g\u00fcnk egy\u00fctt tisztelegjen a m\u00e1rciusi ifjak b\u00e1tors\u00e1ga \u00e9s hazaszeretete el\u0151tt. \u2764\ufe0f\ud83e\udd0d\ud83d\udc9a<\/p>\n","protected":false},"author":40,"featured_media":24666,"comment_status":"closed","ping_status":"closed","sticky":false,"template":"","format":"standard","meta":{"_sitemap_exclude":false,"_sitemap_priority":"","_sitemap_frequency":"","footnotes":""},"categories":[82,54,1,81,41,90],"tags":[],"class_list":["post-24665","post","type-post","status-publish","format-standard","has-post-thumbnail","hentry","category-civil-kurazsi","category-civil-oldal","category-egyeb","category-esztar-info","category-hirek","category-latnivalok"],"_links":{"self":[{"href":"https:\/\/esztar.hu\/index.php?rest_route=\/wp\/v2\/posts\/24665","targetHints":{"allow":["GET"]}}],"collection":[{"href":"https:\/\/esztar.hu\/index.php?rest_route=\/wp\/v2\/posts"}],"about":[{"href":"https:\/\/esztar.hu\/index.php?rest_route=\/wp\/v2\/types\/post"}],"author":[{"embeddable":true,"href":"https:\/\/esztar.hu\/index.php?rest_route=\/wp\/v2\/users\/40"}],"replies":[{"embeddable":true,"href":"https:\/\/esztar.hu\/index.php?rest_route=%2Fwp%2Fv2%2Fcomments&post=24665"}],"version-history":[{"count":1,"href":"https:\/\/esztar.hu\/index.php?rest_route=\/wp\/v2\/posts\/24665\/revisions"}],"predecessor-version":[{"id":24667,"href":"https:\/\/esztar.hu\/index.php?rest_route=\/wp\/v2\/posts\/24665\/revisions\/24667"}],"wp:featuredmedia":[{"embeddable":true,"href":"https:\/\/esztar.hu\/index.php?rest_route=\/wp\/v2\/media\/24666"}],"wp:attachment":[{"href":"https:\/\/esztar.hu\/index.php?rest_route=%2Fwp%2Fv2%2Fmedia&parent=24665"}],"wp:term":[{"taxonomy":"category","embeddable":true,"href":"https:\/\/esztar.hu\/index.php?rest_route=%2Fwp%2Fv2%2Fcategories&post=24665"},{"taxonomy":"post_tag","embeddable":true,"href":"https:\/\/esztar.hu\/index.php?rest_route=%2Fwp%2Fv2%2Ftags&post=24665"}],"curies":[{"name":"wp","href":"https:\/\/api.w.org\/{rel}","templated":true}]}}