{"id":24649,"date":"2026-03-06T16:30:39","date_gmt":"2026-03-06T15:30:39","guid":{"rendered":"https:\/\/esztar.hu\/?p=24649"},"modified":"2026-03-06T16:30:39","modified_gmt":"2026-03-06T15:30:39","slug":"kozlemeny","status":"publish","type":"post","link":"https:\/\/esztar.hu\/?p=24649","title":{"rendered":"K\u00f6zlem\u00e9ny!"},"content":{"rendered":"<p>K\u00d6ZLEM\u00c9NY<\/p>\n<p><strong>KEDVES LAKOSAINK!<\/strong><\/p>\n<p><strong>\u00d6r\u00f6mmel t\u00e1j\u00e9koztatjuk \u00d6n\u00f6ket, hogy hosszas tervez\u00e9si el\u0151k\u00e9sz\u00fcletek ut\u00e1n ma megt\u00f6rt\u00e9nt a munkater\u00fclet \u00e1tad\u00e1sa az \u00faj iv\u00f3v\u00edzk\u00fat f\u00far\u00e1sa \u00fcgy\u00e9ben.\u00a0<\/strong><strong>A fejleszt\u00e9s c\u00e9lja, hogy Pocsaj \u00e9s Eszt\u00e1r lak\u00f3i hossz\u00fa t\u00e1von is biztons\u00e1gos, j\u00f3 min\u0151s\u00e9g\u0171 iv\u00f3v\u00edzhez jussanak, m\u00e9g a ny\u00e1ri h\u00f3napok megn\u00f6vekedett v\u00edzhaszn\u00e1lata idej\u00e9n is.<\/strong><\/p>\n<p>Mint arr\u00f3l kor\u00e1bban besz\u00e1moltunk: Pocsaj Nagyk\u00f6zs\u00e9g \u00e9s Eszt\u00e1r K\u00f6zs\u00e9g k\u00f6z\u00fczem\u0171 iv\u00f3v\u00edzell\u00e1t\u00e1s\u00e1ra 4 darab m\u00e9lyf\u00far\u00e1s\u00fa k\u00fat l\u00e9tes\u00fclt eredetileg. A kutak k\u00f6z\u00fcl a 2. \u00e9s 3. sz. k\u00fat termel \u00e1lland\u00f3 jelleggel, azonban ezen kutak eset\u00e9ben min\u0151s\u00e9gi \u00e9s mennyis\u00e9gi probl\u00e9m\u00e1k \u00e1llnak fenn. Az 1. sz. v\u00edztermel\u0151 k\u00fat 1934-es l\u00e9tes\u00edt\u00e9s\u0171, azonban szerkezetileg teljesen t\u00f6nkrement, \u00edgy nem \u00fczemeltethet\u0151. A 4. sz. v\u00edztermel\u0151 k\u00fat sz\u0171r\u0151szakad\u00e1sos, v\u00edztermel\u00e9sre m\u00e1r a tov\u00e1bbiakban nem alkalmas.<\/p>\n<p>Az \u00fczemeltet\u0151, azaz a Debreceni V\u00edzm\u0171 t\u00e1j\u00e9koztat\u00e1sa szerint jelenleg a k\u00e9t m\u0171k\u00f6d\u0151 k\u00fat terhel\u00e9se t\u00f6bb min 70%, ny\u00e1ri id\u0151szakban azonban a terhel\u00e9s 100%-os, ennek k\u00f6vetkezt\u00e9ben 2025-ben v\u00edzkorl\u00e1toz\u00e1st kellett elrendelni a k\u00e9t telep\u00fcl\u00e9sen.<\/p>\n<p>A lakoss\u00e1g folyamatos v\u00edzell\u00e1t\u00e1s\u00e1nak biztos\u00edt\u00e1sa \u00e9rdek\u00e9ben, a jelenleg \u00fczemel\u0151 kutak sz\u00e1ma, a m\u0171k\u00f6dtethet\u0151 kutak \u00e9lettartama \u00e9s a v\u00edzig\u00e9nyek n\u00f6veked\u00e9se, tov\u00e1bb\u00e1 az iv\u00f3v\u00edz min\u0151s\u00e9g\u00e9nek jav\u00edt\u00e1sa miatt 1 db \u00faj k\u00fat f\u00far\u00e1sa elengedhetetlenn\u00e9 v\u00e1lt.<\/p>\n<p>A t\u00f6bb \u00e9vtizedes min\u0151s\u00e9gi \u00e9s az \u00fajonnan fell\u00e9p\u0151 \u00fczemeltet\u00e9si probl\u00e9m\u00e1k megold\u00e1sa \u00e9rdek\u00e9ben Pocsaj Nagyk\u00f6zs\u00e9g \u00d6nkorm\u00e1nyzata \u2013 mint a v\u00edzm\u0171telep tulajdonosa \u2013 \u00f6sszefogva Eszt\u00e1r K\u00f6zs\u00e9g \u00d6nkorm\u00e1nyzat\u00e1val \u00e9s Dr. Vit\u00e1nyi Istv\u00e1n parlamenti k\u00e9pvisel\u0151 \u00far k\u00f6zbenj\u00e1r\u00e1s\u00e1val 2025-ben sikeresen p\u00e1ly\u00e1zott. Az Energia\u00fcgyi Miniszt\u00e9rium mintegy 35 milli\u00f3 forinttal t\u00e1mogatja az \u00faj k\u00fat f\u00far\u00e1s\u00e1t. A beruh\u00e1z\u00e1s \u00f6sszk\u00f6lts\u00e9ge nett\u00f3 58 milli\u00f3 forint, \u00edgy a k\u00fcl\u00f6nb\u00f6zet finansz\u00edroz\u00e1s\u00e1t a Debreceni V\u00edzm\u0171 Zrt. v\u00e1llalta \u00e1t a\u00a0V\u00edzik\u00f6zm\u0171-<em>fejleszt\u00e9si \u00e9s Ellent\u00e9telez\u00e9si<\/em>\u00a0Alap\u00a0(FEA) terh\u00e9re.<\/p>\n<p>A tervez\u00e9s igen k\u00f6r\u00fclm\u00e9nyes \u00e9s \u00f6sszetett volt, de v\u00e9g\u00fck a Pocsaji V\u00edzm\u0171telep melletti munkater\u00fclet ma d\u00e9lel\u0151tt \u00e1tad\u00e1sra ker\u00fclt, \u00edgy n\u00e9h\u00e1ny h\u00e9ten bel\u00fcl t\u00e9nylegesen is megkezd\u0151dnek az \u00faj k\u00fat f\u00far\u00e1s\u00e1nak el\u0151k\u00e9sz\u00fcletei, melyet a VIKUV AQUA Kft. v\u00e9gez. Az \u00faj iv\u00f3v\u00edz kutat 2026. m\u00e1jus 31-ig \u00e1t kell \u00e1tadnia a kivitelez\u0151nek.<\/p>\n<p>Pocsaj \u00e9s Eszt\u00e1r \u00d6nkorm\u00e1nyzata nev\u00e9ben ez\u00faton is k\u00f6sz\u00f6nj\u00fck valamennyi k\u00f6zrem\u0171k\u00f6d\u0151nek az eddigi seg\u00edts\u00e9get, k\u00fcl\u00f6n k\u00f6sz\u00f6nj\u00fck a k\u00e9t telep\u00fcl\u00e9s lakoss\u00e1g\u00e1nak meg\u00e9rt\u00e9s\u00e9t \u00e9s t\u00fcrelm\u00e9t a kivitelez\u00e9s alatt.<\/p>\n<p>Sz\u0151ll\u0151si Roland, polg\u00e1rmester<br \/>\nPocsaj Nagyk\u00f6zs\u00e9g \u00d6nkorm\u00e1nyzata<\/p>\n<p>Sz\u00e9csi Tam\u00e1s, polg\u00e1rmester<br \/>\nEszt\u00e1r K\u00f6zs\u00e9g \u00d6nkorm\u00e1nyzata<\/p>\n<div class=\"wp-block-image\"><img fetchpriority=\"high\" decoding=\"async\" class=\"wpa-warning wpa-image-missing-alt aligncenter size-full wp-image-24650\" src=\"https:\/\/esztar.hu\/wp-content\/uploads\/2026\/03\/Messenger_creation_BF2F83D9-7590-4EB2-B91F-045C064C2B28.jpeg\" alt=\"\" width=\"2048\" height=\"1152\" data-warning=\"Missing alt text\" srcset=\"https:\/\/esztar.hu\/wp-content\/uploads\/2026\/03\/Messenger_creation_BF2F83D9-7590-4EB2-B91F-045C064C2B28.jpeg 2048w, https:\/\/esztar.hu\/wp-content\/uploads\/2026\/03\/Messenger_creation_BF2F83D9-7590-4EB2-B91F-045C064C2B28-768x432.jpeg 768w, https:\/\/esztar.hu\/wp-content\/uploads\/2026\/03\/Messenger_creation_BF2F83D9-7590-4EB2-B91F-045C064C2B28-1536x864.jpeg 1536w, https:\/\/esztar.hu\/wp-content\/uploads\/2026\/03\/Messenger_creation_BF2F83D9-7590-4EB2-B91F-045C064C2B28-18x10.jpeg 18w\" sizes=\"(max-width: 2048px) 100vw, 2048px\" \/><\/div>\n<div class=\"wp-block-image\"><img decoding=\"async\" class=\"wpa-warning wpa-image-missing-alt aligncenter size-full wp-image-24653\" src=\"https:\/\/esztar.hu\/wp-content\/uploads\/2026\/03\/Messenger_creation_8C74DA06-9CA9-4705-BC11-03D891B08CAA.jpeg\" alt=\"\" width=\"2048\" height=\"1152\" data-warning=\"Missing alt text\" srcset=\"https:\/\/esztar.hu\/wp-content\/uploads\/2026\/03\/Messenger_creation_8C74DA06-9CA9-4705-BC11-03D891B08CAA.jpeg 2048w, https:\/\/esztar.hu\/wp-content\/uploads\/2026\/03\/Messenger_creation_8C74DA06-9CA9-4705-BC11-03D891B08CAA-768x432.jpeg 768w, https:\/\/esztar.hu\/wp-content\/uploads\/2026\/03\/Messenger_creation_8C74DA06-9CA9-4705-BC11-03D891B08CAA-1536x864.jpeg 1536w, https:\/\/esztar.hu\/wp-content\/uploads\/2026\/03\/Messenger_creation_8C74DA06-9CA9-4705-BC11-03D891B08CAA-18x10.jpeg 18w\" sizes=\"(max-width: 2048px) 100vw, 2048px\" \/><\/div>\n","protected":false},"excerpt":{"rendered":"<p>K\u00d6ZLEM\u00c9NY KEDVES LAKOSAINK! \u00d6r\u00f6mmel t\u00e1j\u00e9koztatjuk \u00d6n\u00f6ket, hogy hosszas tervez\u00e9si el\u0151k\u00e9sz\u00fcletek ut\u00e1n ma megt\u00f6rt\u00e9nt a munkater\u00fclet \u00e1tad\u00e1sa az \u00faj iv\u00f3v\u00edzk\u00fat f\u00far\u00e1sa \u00fcgy\u00e9ben.\u00a0A fejleszt\u00e9s c\u00e9lja, hogy Pocsaj \u00e9s Eszt\u00e1r lak\u00f3i hossz\u00fa t\u00e1von is biztons\u00e1gos, j\u00f3 min\u0151s\u00e9g\u0171 iv\u00f3v\u00edzhez jussanak, m\u00e9g a ny\u00e1ri h\u00f3napok megn\u00f6vekedett v\u00edzhaszn\u00e1lata idej\u00e9n is. Mint arr\u00f3l kor\u00e1bban besz\u00e1moltunk: Pocsaj Nagyk\u00f6zs\u00e9g \u00e9s Eszt\u00e1r K\u00f6zs\u00e9g k\u00f6z\u00fczem\u0171 iv\u00f3v\u00edzell\u00e1t\u00e1s\u00e1ra<\/p>\n","protected":false},"author":40,"featured_media":24652,"comment_status":"closed","ping_status":"closed","sticky":false,"template":"","format":"standard","meta":{"_sitemap_exclude":false,"_sitemap_priority":"","_sitemap_frequency":"","footnotes":""},"categories":[54,81,46,41,48],"tags":[],"class_list":["post-24649","post","type-post","status-publish","format-standard","has-post-thumbnail","hentry","category-civil-oldal","category-esztar-info","category-felhivasok","category-hirek","category-onkormanyzat"],"_links":{"self":[{"href":"https:\/\/esztar.hu\/index.php?rest_route=\/wp\/v2\/posts\/24649","targetHints":{"allow":["GET"]}}],"collection":[{"href":"https:\/\/esztar.hu\/index.php?rest_route=\/wp\/v2\/posts"}],"about":[{"href":"https:\/\/esztar.hu\/index.php?rest_route=\/wp\/v2\/types\/post"}],"author":[{"embeddable":true,"href":"https:\/\/esztar.hu\/index.php?rest_route=\/wp\/v2\/users\/40"}],"replies":[{"embeddable":true,"href":"https:\/\/esztar.hu\/index.php?rest_route=%2Fwp%2Fv2%2Fcomments&post=24649"}],"version-history":[{"count":1,"href":"https:\/\/esztar.hu\/index.php?rest_route=\/wp\/v2\/posts\/24649\/revisions"}],"predecessor-version":[{"id":24654,"href":"https:\/\/esztar.hu\/index.php?rest_route=\/wp\/v2\/posts\/24649\/revisions\/24654"}],"wp:featuredmedia":[{"embeddable":true,"href":"https:\/\/esztar.hu\/index.php?rest_route=\/wp\/v2\/media\/24652"}],"wp:attachment":[{"href":"https:\/\/esztar.hu\/index.php?rest_route=%2Fwp%2Fv2%2Fmedia&parent=24649"}],"wp:term":[{"taxonomy":"category","embeddable":true,"href":"https:\/\/esztar.hu\/index.php?rest_route=%2Fwp%2Fv2%2Fcategories&post=24649"},{"taxonomy":"post_tag","embeddable":true,"href":"https:\/\/esztar.hu\/index.php?rest_route=%2Fwp%2Fv2%2Ftags&post=24649"}],"curies":[{"name":"wp","href":"https:\/\/api.w.org\/{rel}","templated":true}]}}