{"id":24641,"date":"2026-03-04T15:31:33","date_gmt":"2026-03-04T14:31:33","guid":{"rendered":"https:\/\/esztar.hu\/?p=24641"},"modified":"2026-03-04T15:31:33","modified_gmt":"2026-03-04T14:31:33","slug":"esztar-nonap","status":"publish","type":"post","link":"https:\/\/esztar.hu\/?p=24641","title":{"rendered":"Eszt\u00e1r N\u0151nap"},"content":{"rendered":"<div class=\"html-div xdj266r x14z9mp xat24cr x1lziwak xexx8yu xyri2b x18d9i69 x1c1uobl\" tabindex=\"-1\">\n<div>\ud83c\udf37 <strong data-start=\"70\" data-end=\"159\">\u201eA n\u0151 nemcsak az \u00e9let forr\u00e1sa, hanem a szeretet, az er\u0151 \u00e9s a sz\u00e9ps\u00e9g csendes \u0151rz\u0151je.\u201d<\/strong><\/div>\n<div>\n<div>\n<div class=\"html-div xdj266r x14z9mp xat24cr x1lziwak xexx8yu xyri2b x18d9i69 x1c1uobl\" tabindex=\"-1\">\n<div class=\"html-div xdj266r x14z9mp x1lziwak xexx8yu xyri2b x18d9i69 x1c1uobl x1e56ztr\"><span class=\"x193iq5w xeuugli x13faqbe x1vvkbs x1xmvt09 x6prxxf xvq8zen xo1l8bm xzsf02u\">Szeretettel h\u00edvunk \u00e9s v\u00e1runk minden kedves h\u00f6lgyet\u00a0 <span class=\"html-span xdj266r x14z9mp xat24cr x1lziwak xexx8yu xyri2b x18d9i69 x1c1uobl x1hl2dhg x16tdsg8 x1vvkbs\"><strong class=\"html-strong xdj266r x14z9mp xat24cr x1lziwak xexx8yu xyri2b x18d9i69 x1c1uobl x1hl2dhg x16tdsg8 x1vvkbs x1s688f\">2026. m\u00e1rcius 6-\u00e1n 18:00<\/strong><\/span>\u00a0\u00f3rai kezd\u00e9ssel megrendez\u00e9sre ker\u00fcl\u0151 n\u0151napi m\u0171sorunkra!<\/span><\/div>\n<\/div>\n<div class=\"html-div xdj266r x14z9mp xat24cr x1lziwak xexx8yu xyri2b x18d9i69 x1c1uobl\" tabindex=\"-1\">\n<div class=\"html-div xdj266r x14z9mp x1lziwak xexx8yu xyri2b x18d9i69 x1c1uobl x1e56ztr\"><span class=\"x193iq5w xeuugli x13faqbe x1vvkbs x1xmvt09 x6prxxf xvq8zen xo1l8bm xzsf02u\">Ezen az est\u00e9n a tisztelet, a megbecs\u00fcl\u00e9s \u00e9s a k\u00f6sz\u00f6net szavai sz\u00f3lnak \u2013 egy kis figyelmess\u00e9ggel, meghitt pillanatokkal \u00e9s sz\u00edvb\u0151l j\u00f6v\u0151 m\u0171sorral k\u00e9sz\u00fcl\u00fcnk.<\/span><\/div>\n<\/div>\n<\/div>\n<div><\/div>\n<div><\/div>\n<div><\/div>\n<div class=\"wp-block-image\"><img fetchpriority=\"high\" decoding=\"async\" class=\"wpa-warning wpa-image-missing-alt aligncenter size-full wp-image-24643\" src=\"https:\/\/esztar.hu\/wp-content\/uploads\/2026\/03\/Brown-and-Beige-Elegant-Flower-Shop-Instagram-Post-4.png\" alt=\"\" width=\"1080\" height=\"1350\" data-warning=\"Missing alt text\" srcset=\"https:\/\/esztar.hu\/wp-content\/uploads\/2026\/03\/Brown-and-Beige-Elegant-Flower-Shop-Instagram-Post-4.png 1080w, https:\/\/esztar.hu\/wp-content\/uploads\/2026\/03\/Brown-and-Beige-Elegant-Flower-Shop-Instagram-Post-4-768x960.png 768w, https:\/\/esztar.hu\/wp-content\/uploads\/2026\/03\/Brown-and-Beige-Elegant-Flower-Shop-Instagram-Post-4-10x12.png 10w\" sizes=\"(max-width: 1080px) 100vw, 1080px\" \/><\/div>\n<\/div>\n<div><\/div>\n<\/div>\n<div class=\"html-div xdj266r x14z9mp xat24cr x1lziwak xexx8yu xyri2b x18d9i69 x1c1uobl\" tabindex=\"-1\">\n<div class=\"html-div xdj266r x14z9mp x1lziwak xexx8yu xyri2b x18d9i69 x1c1uobl x1e56ztr\"><\/div>\n<\/div>\n","protected":false},"excerpt":{"rendered":"<p>\ud83c\udf37 \u201eA n\u0151 nemcsak az \u00e9let forr\u00e1sa, hanem a szeretet, az er\u0151 \u00e9s a sz\u00e9ps\u00e9g csendes \u0151rz\u0151je.\u201d Szeretettel h\u00edvunk \u00e9s v\u00e1runk minden kedves h\u00f6lgyet\u00a0 2026. m\u00e1rcius 6-\u00e1n 18:00\u00a0\u00f3rai kezd\u00e9ssel megrendez\u00e9sre ker\u00fcl\u0151 n\u0151napi m\u0171sorunkra! Ezen az est\u00e9n a tisztelet, a megbecs\u00fcl\u00e9s \u00e9s a k\u00f6sz\u00f6net szavai sz\u00f3lnak \u2013 egy kis figyelmess\u00e9ggel, meghitt pillanatokkal \u00e9s sz\u00edvb\u0151l j\u00f6v\u0151 m\u0171sorral<\/p>\n","protected":false},"author":40,"featured_media":24643,"comment_status":"closed","ping_status":"closed","sticky":false,"template":"","format":"standard","meta":{"_sitemap_exclude":false,"_sitemap_priority":"","_sitemap_frequency":"","footnotes":""},"categories":[54,1,81,41,64,87],"tags":[],"class_list":["post-24641","post","type-post","status-publish","format-standard","has-post-thumbnail","hentry","category-civil-oldal","category-egyeb","category-esztar-info","category-hirek","category-kozossegi-elet","category-kultura"],"_links":{"self":[{"href":"https:\/\/esztar.hu\/index.php?rest_route=\/wp\/v2\/posts\/24641","targetHints":{"allow":["GET"]}}],"collection":[{"href":"https:\/\/esztar.hu\/index.php?rest_route=\/wp\/v2\/posts"}],"about":[{"href":"https:\/\/esztar.hu\/index.php?rest_route=\/wp\/v2\/types\/post"}],"author":[{"embeddable":true,"href":"https:\/\/esztar.hu\/index.php?rest_route=\/wp\/v2\/users\/40"}],"replies":[{"embeddable":true,"href":"https:\/\/esztar.hu\/index.php?rest_route=%2Fwp%2Fv2%2Fcomments&post=24641"}],"version-history":[{"count":1,"href":"https:\/\/esztar.hu\/index.php?rest_route=\/wp\/v2\/posts\/24641\/revisions"}],"predecessor-version":[{"id":24644,"href":"https:\/\/esztar.hu\/index.php?rest_route=\/wp\/v2\/posts\/24641\/revisions\/24644"}],"wp:featuredmedia":[{"embeddable":true,"href":"https:\/\/esztar.hu\/index.php?rest_route=\/wp\/v2\/media\/24643"}],"wp:attachment":[{"href":"https:\/\/esztar.hu\/index.php?rest_route=%2Fwp%2Fv2%2Fmedia&parent=24641"}],"wp:term":[{"taxonomy":"category","embeddable":true,"href":"https:\/\/esztar.hu\/index.php?rest_route=%2Fwp%2Fv2%2Fcategories&post=24641"},{"taxonomy":"post_tag","embeddable":true,"href":"https:\/\/esztar.hu\/index.php?rest_route=%2Fwp%2Fv2%2Ftags&post=24641"}],"curies":[{"name":"wp","href":"https:\/\/api.w.org\/{rel}","templated":true}]}}