{"id":24577,"date":"2024-09-20T14:23:52","date_gmt":"2024-09-20T12:23:52","guid":{"rendered":"https:\/\/esztar.hu\/?p=24577"},"modified":"2026-01-06T14:44:18","modified_gmt":"2026-01-06T13:44:18","slug":"ut-hid-jarda-kerekparforgalmi-letesitmeny-epitese-felujitasa-2024-mfp-uhj-2024","status":"publish","type":"post","link":"https:\/\/esztar.hu\/?p=24577","title":{"rendered":"\u00dat, h\u00edd, j\u00e1rda, ker\u00e9kp\u00e1rforgalmi l\u00e9tes\u00edtm\u00e9ny \u00e9p\u00edt\u00e9se\/fel\u00faj\u00edt\u00e1sa &#8211; 2024 &#8211; MFP-UHJ\/2024"},"content":{"rendered":"\t\t<div data-elementor-type=\"wp-post\" data-elementor-id=\"24577\" class=\"elementor elementor-24577\">\n\t\t\t\t\t\t<section class=\"elementor-section elementor-top-section elementor-element elementor-element-58c4e337 elementor-section-boxed elementor-section-height-default elementor-section-height-default\" data-id=\"58c4e337\" data-element_type=\"section\">\n\t\t\t\t\t\t<div class=\"elementor-container elementor-column-gap-default\">\n\t\t\t\t\t<div class=\"elementor-column elementor-col-100 elementor-top-column elementor-element elementor-element-51215521\" data-id=\"51215521\" data-element_type=\"column\">\n\t\t\t<div class=\"elementor-widget-wrap elementor-element-populated\">\n\t\t\t\t\t\t<div class=\"elementor-element elementor-element-682003c7 elementor-widget elementor-widget-text-editor\" data-id=\"682003c7\" data-element_type=\"widget\" data-widget_type=\"text-editor.default\">\n\t\t\t\t<div class=\"elementor-widget-container\">\n\t\t\t<style>\/*! elementor - v3.23.0 - 15-07-2024 *\/\n.elementor-widget-text-editor.elementor-drop-cap-view-stacked .elementor-drop-cap{background-color:#69727d;color:#fff}.elementor-widget-text-editor.elementor-drop-cap-view-framed .elementor-drop-cap{color:#69727d;border:3px solid;background-color:transparent}.elementor-widget-text-editor:not(.elementor-drop-cap-view-default) .elementor-drop-cap{margin-top:8px}.elementor-widget-text-editor:not(.elementor-drop-cap-view-default) .elementor-drop-cap-letter{width:1em;height:1em}.elementor-widget-text-editor .elementor-drop-cap{float:left;text-align:center;line-height:1;font-size:50px}.elementor-widget-text-editor .elementor-drop-cap-letter{display:inline-block}<\/style>\t\t\t\t<p><span style=\"color: #000000;\"><img fetchpriority=\"high\" decoding=\"async\" class=\"aligncenter\" src=\"https:\/\/esztar.hu\/wp-content\/uploads\/2024\/08\/623750a711f13-logo.png\" width=\"274\" height=\"283\" \/><\/span><\/p><p><span style=\"color: #000000;\"><strong>\u00dat, h\u00edd, j\u00e1rda, ker\u00e9kp\u00e1rforgalmi l\u00e9tes\u00edtm\u00e9ny \u00e9p\u00edt\u00e9se\/fel\u00faj\u00edt\u00e1sa &#8211; 2024<\/strong><\/span><\/p><p><span style=\"color: #000000;\"><strong>Kedvezm\u00e9nyezett neve:<\/strong> Eszt\u00e1r K\u00f6zs\u00e9g \u00d6nkorm\u00e1nyzata<\/span><\/p><p><span style=\"color: #000000;\"><strong>P\u00e1ly\u00e1zati felh\u00edv\u00e1s k\u00f3dsz\u00e1ma:<\/strong> MFP-UHJ\/2024<\/span><\/p><p><span style=\"color: #000000;\"><strong>Projekt c\u00edme:<\/strong> T\u00e1ncsics utca fel\u00faj\u00edt\u00e1sa Eszt\u00e1r k\u00f6zs\u00e9gben<\/span><\/p><p><span style=\"color: #000000;\"><strong>T\u00e1mogat\u00e1s \u00f6sszege:\u00a0<\/strong> 10 017 378 Ft<\/span><\/p><p><span style=\"color: #000000;\"><strong>T\u00e1mogat\u00e1s elnyer\u00e9s\u00e9nek \u00e9ve:<\/strong> 2024<\/span><\/p><p>\u00a0<\/p><p><span style=\"color: #000000;\"><strong>Eszt\u00e1r K\u00f6zs\u00e9g \u00d6nkorm\u00e1nyzata p\u00e1ly\u00e1zatot ny\u00fajtott be az MFP-UHJ\/2024 k\u00f3dsz\u00e1m\u00fa, &#8222;\u00dat, h\u00edd, j\u00e1rda, ker\u00e9kp\u00e1rforgalmi l\u00e9tes\u00edtm\u00e9ny \u00e9p\u00edt\u00e9se\/fel\u00faj\u00edt\u00e1sa &#8211; 2024&#8221; c\u00edm\u0171 p\u00e1ly\u00e1zati ki\u00edr\u00e1sra.<\/strong><\/span><\/p><p data-start=\"217\" data-end=\"649\"><span style=\"color: #000000;\">A projekt keret\u00e9ben Eszt\u00e1r belter\u00fclet\u00e9n, a T\u00e1ncsics utc\u00e1ban \u2013 a Sz\u00e9ch\u00e9nyi utca \u00e9s a T\u00e1ncsics utca 12. sz\u00e1m k\u00f6z\u00f6tti szakaszon \u2013 tal\u00e1lhat\u00f3, nagym\u00e9rt\u00e9kben elhaszn\u00e1l\u00f3dott \u00fatszakasz teljes k\u00f6r\u0171 fel\u00faj\u00edt\u00e1sa val\u00f3sul meg. Az \u00e9rintett \u00fatszakasz hossza 190 m\u00e9ter, sz\u00e9less\u00e9ge 3,00 m\u00e9ter, amely jelenleg szil\u00e1rd burkolattal rendelkezik, azonban \u00e1llapota miatt m\u00e1r nem felel meg a biztons\u00e1gos \u00e9s komfortos k\u00f6zleked\u00e9s k\u00f6vetelm\u00e9nyeinek. <\/span><span style=\"color: #000000;\">A m\u0171szaki megold\u00e1s r\u00e9szek\u00e9nt sor ker\u00fcl a megl\u00e9v\u0151 aszfaltburkolat sz\u00e9lv\u00e1g\u00e1s\u00e1ra \u00e9s bont\u00e1s\u00e1ra, g\u00e9pi er\u0151vel, kieg\u00e9sz\u00edt\u0151 k\u00e9zi munk\u00e1val, valamint a bontott anyag elsz\u00e1ll\u00edt\u00e1s\u00e1ra enged\u00e9lyezett lerak\u00f3helyre. Az \u00faj aszfaltburkolat be\u00e9p\u00edt\u00e9s\u00e9t megel\u0151z\u0151en a fel\u00fcletek el\u0151k\u00e9sz\u00edt\u00e9se, kiegyenl\u00edt\u00e9se, valamint a sz\u00fcks\u00e9ges helyi k\u00e1ty\u00faz\u00e1sok elv\u00e9gz\u00e9se t\u00f6rt\u00e9nik meg. A burkolatk\u00e9sz\u00edt\u00e9st megel\u0151z\u0151en a fel\u00fcletek portalan\u00edt\u00e1sa \u00e9s bitumenemulzi\u00f3s kell\u0151s\u00edt\u00e9se biztos\u00edtja a megfelel\u0151 tapad\u00e1st.<\/span><\/p><p data-start=\"1495\" data-end=\"1895\"><span style=\"color: #000000;\">A projekt els\u0151dleges c\u00e9lja a k\u00f6zleked\u00e9sbiztons\u00e1g n\u00f6vel\u00e9se, az \u00fat \u00e1llapot\u00e1b\u00f3l fakad\u00f3 balesetvesz\u00e9ly cs\u00f6kkent\u00e9se, valamint a lakoss\u00e1g \u00e9letmin\u0151s\u00e9g\u00e9nek jav\u00edt\u00e1sa. A fel\u00faj\u00edt\u00e1s hozz\u00e1j\u00e1rul a telep\u00fcl\u00e9s belter\u00fcleti \u00fath\u00e1l\u00f3zat\u00e1nak korszer\u0171s\u00edt\u00e9s\u00e9hez, a g\u00e9pj\u00e1rm\u0171- \u00e9s gyalogos k\u00f6zleked\u00e9s komfortosabb\u00e1 \u00e9s biztons\u00e1gosabb\u00e1 t\u00e9tel\u00e9hez, valamint hossz\u00fa t\u00e1von cs\u00f6kkenti az \u00f6nkorm\u00e1nyzat fenntart\u00e1si \u00e9s jav\u00edt\u00e1si k\u00f6lts\u00e9geit.<\/span><\/p>\t\t\t\t\t\t<\/div>\n\t\t\t\t<\/div>\n\t\t\t\t\t<\/div>\n\t\t<\/div>\n\t\t\t\t\t<\/div>\n\t\t<\/section>\n\t\t\t\t<\/div>\n\t\t","protected":false},"excerpt":{"rendered":"<p>\u00dat, h\u00edd, j\u00e1rda, ker\u00e9kp\u00e1rforgalmi l\u00e9tes\u00edtm\u00e9ny \u00e9p\u00edt\u00e9se\/fel\u00faj\u00edt\u00e1sa &#8211; 2024 Kedvezm\u00e9nyezett neve: Eszt\u00e1r K\u00f6zs\u00e9g \u00d6nkorm\u00e1nyzata P\u00e1ly\u00e1zati felh\u00edv\u00e1s k\u00f3dsz\u00e1ma: MFP-UHJ\/2024 Projekt c\u00edme: T\u00e1ncsics utca fel\u00faj\u00edt\u00e1sa Eszt\u00e1r k\u00f6zs\u00e9gben T\u00e1mogat\u00e1s \u00f6sszege:\u00a0 10 017 378 Ft T\u00e1mogat\u00e1s elnyer\u00e9s\u00e9nek \u00e9ve: 2024 Eszt\u00e1r K\u00f6zs\u00e9g \u00d6nkorm\u00e1nyzata p\u00e1ly\u00e1zatot ny\u00fajtott be az MFP-UHJ\/2024 k\u00f3dsz\u00e1m\u00fa, &#8222;\u00dat, h\u00edd, j\u00e1rda, ker\u00e9kp\u00e1rforgalmi l\u00e9tes\u00edtm\u00e9ny \u00e9p\u00edt\u00e9se\/fel\u00faj\u00edt\u00e1sa &#8211; 2024&#8221; c\u00edm\u0171 p\u00e1ly\u00e1zati ki\u00edr\u00e1sra. A<\/p>\n","protected":false},"author":7,"featured_media":0,"comment_status":"closed","ping_status":"closed","sticky":false,"template":"","format":"standard","meta":{"_sitemap_exclude":false,"_sitemap_priority":"","_sitemap_frequency":"","footnotes":""},"categories":[41,58],"tags":[],"class_list":["post-24577","post","type-post","status-publish","format-standard","hentry","category-hirek","category-palyazatok"],"_links":{"self":[{"href":"https:\/\/esztar.hu\/index.php?rest_route=\/wp\/v2\/posts\/24577","targetHints":{"allow":["GET"]}}],"collection":[{"href":"https:\/\/esztar.hu\/index.php?rest_route=\/wp\/v2\/posts"}],"about":[{"href":"https:\/\/esztar.hu\/index.php?rest_route=\/wp\/v2\/types\/post"}],"author":[{"embeddable":true,"href":"https:\/\/esztar.hu\/index.php?rest_route=\/wp\/v2\/users\/7"}],"replies":[{"embeddable":true,"href":"https:\/\/esztar.hu\/index.php?rest_route=%2Fwp%2Fv2%2Fcomments&post=24577"}],"version-history":[{"count":6,"href":"https:\/\/esztar.hu\/index.php?rest_route=\/wp\/v2\/posts\/24577\/revisions"}],"predecessor-version":[{"id":24587,"href":"https:\/\/esztar.hu\/index.php?rest_route=\/wp\/v2\/posts\/24577\/revisions\/24587"}],"wp:attachment":[{"href":"https:\/\/esztar.hu\/index.php?rest_route=%2Fwp%2Fv2%2Fmedia&parent=24577"}],"wp:term":[{"taxonomy":"category","embeddable":true,"href":"https:\/\/esztar.hu\/index.php?rest_route=%2Fwp%2Fv2%2Fcategories&post=24577"},{"taxonomy":"post_tag","embeddable":true,"href":"https:\/\/esztar.hu\/index.php?rest_route=%2Fwp%2Fv2%2Ftags&post=24577"}],"curies":[{"name":"wp","href":"https:\/\/api.w.org\/{rel}","templated":true}]}}