{"id":24512,"date":"2025-12-15T12:41:56","date_gmt":"2025-12-15T11:41:56","guid":{"rendered":"https:\/\/esztar.hu\/?p=24512"},"modified":"2025-12-15T12:41:56","modified_gmt":"2025-12-15T11:41:56","slug":"adventi-sorozat-4","status":"publish","type":"post","link":"https:\/\/esztar.hu\/?p=24512","title":{"rendered":"Adventi sorozat 4."},"content":{"rendered":"<p>Adventi sorozatunk negyedik, egyben utols\u00f3 esem\u00e9ny\u00e9hez \u00e9rkezt\u00fcnk.<br data-start=\"161\" data-end=\"164\" \/>Szeretettel v\u00e1runk mindenkit a Falukar\u00e1csonyra,<br data-start=\"211\" data-end=\"214\" data-is-only-node=\"\" \/>amelyre a K\u00f6z\u00f6ss\u00e9gi Sz\u00ednt\u00e9rben ker\u00fcl sor, 2025.12.21.-\u00e9n 17:00 \u00f3rai kezd\u00e9ssel.<\/p>\n<div class=\"wp-block-image\"><img fetchpriority=\"high\" decoding=\"async\" class=\"wpa-warning wpa-image-missing-alt aligncenter size-full wp-image-24513\" src=\"https:\/\/esztar.hu\/wp-content\/uploads\/2025\/12\/KESZULJUNK-EGYUTT-A-KARACSONYRA-aDVENTI-MUSOROK-ESZTARBAN-8.png\" alt=\"\" width=\"2245\" height=\"1587\" data-warning=\"Missing alt text\" srcset=\"https:\/\/esztar.hu\/wp-content\/uploads\/2025\/12\/KESZULJUNK-EGYUTT-A-KARACSONYRA-aDVENTI-MUSOROK-ESZTARBAN-8.png 2245w, https:\/\/esztar.hu\/wp-content\/uploads\/2025\/12\/KESZULJUNK-EGYUTT-A-KARACSONYRA-aDVENTI-MUSOROK-ESZTARBAN-8-768x543.png 768w, https:\/\/esztar.hu\/wp-content\/uploads\/2025\/12\/KESZULJUNK-EGYUTT-A-KARACSONYRA-aDVENTI-MUSOROK-ESZTARBAN-8-1536x1086.png 1536w, https:\/\/esztar.hu\/wp-content\/uploads\/2025\/12\/KESZULJUNK-EGYUTT-A-KARACSONYRA-aDVENTI-MUSOROK-ESZTARBAN-8-2048x1448.png 2048w, https:\/\/esztar.hu\/wp-content\/uploads\/2025\/12\/KESZULJUNK-EGYUTT-A-KARACSONYRA-aDVENTI-MUSOROK-ESZTARBAN-8-18x12.png 18w\" sizes=\"(max-width: 2245px) 100vw, 2245px\" \/><\/div>\n","protected":false},"excerpt":{"rendered":"<p>Adventi sorozatunk negyedik, egyben utols\u00f3 esem\u00e9ny\u00e9hez \u00e9rkezt\u00fcnk.Szeretettel v\u00e1runk mindenkit a Falukar\u00e1csonyra,amelyre a K\u00f6z\u00f6ss\u00e9gi Sz\u00ednt\u00e9rben ker\u00fcl sor, 2025.12.21.-\u00e9n 17:00 \u00f3rai kezd\u00e9ssel.<\/p>\n","protected":false},"author":40,"featured_media":24513,"comment_status":"closed","ping_status":"closed","sticky":false,"template":"","format":"standard","meta":{"_sitemap_exclude":false,"_sitemap_priority":"","_sitemap_frequency":"","footnotes":""},"categories":[54,81,64,87],"tags":[],"class_list":["post-24512","post","type-post","status-publish","format-standard","has-post-thumbnail","hentry","category-civil-oldal","category-esztar-info","category-kozossegi-elet","category-kultura"],"_links":{"self":[{"href":"https:\/\/esztar.hu\/index.php?rest_route=\/wp\/v2\/posts\/24512","targetHints":{"allow":["GET"]}}],"collection":[{"href":"https:\/\/esztar.hu\/index.php?rest_route=\/wp\/v2\/posts"}],"about":[{"href":"https:\/\/esztar.hu\/index.php?rest_route=\/wp\/v2\/types\/post"}],"author":[{"embeddable":true,"href":"https:\/\/esztar.hu\/index.php?rest_route=\/wp\/v2\/users\/40"}],"replies":[{"embeddable":true,"href":"https:\/\/esztar.hu\/index.php?rest_route=%2Fwp%2Fv2%2Fcomments&post=24512"}],"version-history":[{"count":1,"href":"https:\/\/esztar.hu\/index.php?rest_route=\/wp\/v2\/posts\/24512\/revisions"}],"predecessor-version":[{"id":24514,"href":"https:\/\/esztar.hu\/index.php?rest_route=\/wp\/v2\/posts\/24512\/revisions\/24514"}],"wp:featuredmedia":[{"embeddable":true,"href":"https:\/\/esztar.hu\/index.php?rest_route=\/wp\/v2\/media\/24513"}],"wp:attachment":[{"href":"https:\/\/esztar.hu\/index.php?rest_route=%2Fwp%2Fv2%2Fmedia&parent=24512"}],"wp:term":[{"taxonomy":"category","embeddable":true,"href":"https:\/\/esztar.hu\/index.php?rest_route=%2Fwp%2Fv2%2Fcategories&post=24512"},{"taxonomy":"post_tag","embeddable":true,"href":"https:\/\/esztar.hu\/index.php?rest_route=%2Fwp%2Fv2%2Ftags&post=24512"}],"curies":[{"name":"wp","href":"https:\/\/api.w.org\/{rel}","templated":true}]}}