{"id":24434,"date":"2025-12-01T09:16:27","date_gmt":"2025-12-01T08:16:27","guid":{"rendered":"https:\/\/esztar.hu\/?p=24434"},"modified":"2025-12-01T09:17:19","modified_gmt":"2025-12-01T08:17:19","slug":"osszefogas-levi-gyogyulasaert-jotekonysagi-sutivasar","status":"publish","type":"post","link":"https:\/\/esztar.hu\/?p=24434","title":{"rendered":"\u00d6sszefog\u00e1s Levi gy\u00f3gyul\u00e1s\u00e1\u00e9rt \u2013 J\u00f3t\u00e9konys\u00e1gi S\u00fctiv\u00e1s\u00e1r"},"content":{"rendered":"\t\t<div data-elementor-type=\"wp-post\" data-elementor-id=\"24434\" class=\"elementor elementor-24434\">\n\t\t\t\t\t\t<section class=\"elementor-section elementor-top-section elementor-element elementor-element-76648a52 elementor-section-boxed elementor-section-height-default elementor-section-height-default\" data-id=\"76648a52\" data-element_type=\"section\">\n\t\t\t\t\t\t<div class=\"elementor-container elementor-column-gap-default\">\n\t\t\t\t\t<div class=\"elementor-column elementor-col-100 elementor-top-column elementor-element elementor-element-18b2b684\" data-id=\"18b2b684\" data-element_type=\"column\">\n\t\t\t<div class=\"elementor-widget-wrap elementor-element-populated\">\n\t\t\t\t\t\t<div class=\"elementor-element elementor-element-2f0607e8 elementor-widget elementor-widget-text-editor\" data-id=\"2f0607e8\" data-element_type=\"widget\" data-widget_type=\"text-editor.default\">\n\t\t\t\t<div class=\"elementor-widget-container\">\n\t\t\t<style>\/*! elementor - v3.23.0 - 15-07-2024 *\/\n.elementor-widget-text-editor.elementor-drop-cap-view-stacked .elementor-drop-cap{background-color:#69727d;color:#fff}.elementor-widget-text-editor.elementor-drop-cap-view-framed .elementor-drop-cap{color:#69727d;border:3px solid;background-color:transparent}.elementor-widget-text-editor:not(.elementor-drop-cap-view-default) .elementor-drop-cap{margin-top:8px}.elementor-widget-text-editor:not(.elementor-drop-cap-view-default) .elementor-drop-cap-letter{width:1em;height:1em}.elementor-widget-text-editor .elementor-drop-cap{float:left;text-align:center;line-height:1;font-size:50px}.elementor-widget-text-editor .elementor-drop-cap-letter{display:inline-block}<\/style>\t\t\t\t<div class=\"html-div xdj266r x14z9mp xat24cr x1lziwak xexx8yu xyri2b x18d9i69 x1c1uobl\" tabindex=\"-1\"><div class=\"html-div xdj266r x14z9mp x1lziwak xexx8yu xyri2b x18d9i69 x1c1uobl x1e56ztr\"><span class=\"x193iq5w xeuugli x13faqbe x1vvkbs x1xmvt09 x6prxxf xvq8zen xo1l8bm xzsf02u\" style=\"color: #000000;\"><span class=\"html-span xdj266r x14z9mp xat24cr x1lziwak xexx8yu xyri2b x18d9i69 x1c1uobl x1hl2dhg x16tdsg8 x1vvkbs\"><em class=\"html-em xdj266r x14z9mp xat24cr x1lziwak xexx8yu xyri2b x18d9i69 x1c1uobl x1hl2dhg x16tdsg8 x1vvkbs\">Az Eszt\u00e1ri Id\u0151sek Klubja \u00e9s Eszt\u00e1r K\u00f6zs\u00e9g \u00d6nkorm\u00e1nyzata szeretettel h\u00edv mindenkit a Levente gy\u00f3gyul\u00e1s\u00e1t t\u00e1mogat\u00f3 j\u00f3t\u00e9konys\u00e1gi s\u00fctiv\u00e1s\u00e1rra, amely 2025. december 4-\u00e9n 9:00 \u00f3r\u00e1t\u00f3l ker\u00fcl megrendez\u00e9sre a J\u00f3zsef Attila K\u00f6z\u00f6ss\u00e9gi Sz\u00ednt\u00e9rben.<\/em><\/span><\/span><\/div><\/div><div>\u00a0<\/div><div class=\"html-div xdj266r x14z9mp xat24cr x1lziwak xexx8yu xyri2b x18d9i69 x1c1uobl\" tabindex=\"-1\"><div class=\"html-div xdj266r x14z9mp x1lziwak xexx8yu xyri2b x18d9i69 x1c1uobl x1e56ztr\"><span class=\"x193iq5w xeuugli x13faqbe x1vvkbs x1xmvt09 x6prxxf xvq8zen xo1l8bm xzsf02u\" style=\"color: #000000;\"><span class=\"html-span xdj266r x14z9mp xat24cr x1lziwak xexx8yu xyri2b x18d9i69 x1c1uobl x1hl2dhg x16tdsg8 x1vvkbs\"><strong class=\"html-strong xdj266r x14z9mp xat24cr x1lziwak xexx8yu xyri2b x18d9i69 x1c1uobl x1hl2dhg x16tdsg8 x1vvkbs x1s688f\">A s\u00fctiv\u00e1s\u00e1r teljes bev\u00e9tel\u00e9t Sz\u00f6ll\u0151si Levente gy\u00f3gyul\u00e1s\u00e1ra aj\u00e1nljuk fel.<\/strong><\/span><\/span><\/div><\/div><div class=\"html-div xdj266r x14z9mp xat24cr x1lziwak xexx8yu xyri2b x18d9i69 x1c1uobl\" tabindex=\"-1\"><div class=\"html-div xdj266r x14z9mp x1lziwak xexx8yu xyri2b x18d9i69 x1c1uobl x1e56ztr\">\u00a0<\/div><\/div><div class=\"html-div xdj266r x14z9mp xat24cr x1lziwak xexx8yu xyri2b x18d9i69 x1c1uobl\" tabindex=\"-1\"><div class=\"html-div xdj266r x14z9mp x1lziwak xexx8yu xyri2b x18d9i69 x1c1uobl x1e56ztr\"><span class=\"x193iq5w xeuugli x13faqbe x1vvkbs x1xmvt09 x6prxxf xvq8zen xo1l8bm xzsf02u\" style=\"color: #000000;\">Levi a Beretty\u00f3\u00fajfalui J\u00f3zsef Attila \u00c1ltal\u00e1nos Iskola Sz\u00e9chenyi Istv\u00e1n Tagiskola nyolcadik oszt\u00e1lyos tanul\u00f3ja, aki 2025 augusztus\u00e1ban s\u00falyos balesetet szenvedett. Jelenleg Budapesten, a Bethesda Gyermekk\u00f3rh\u00e1zban vesz r\u00e9szt hossz\u00fa \u00e9s megterhel\u0151 rehabilit\u00e1ci\u00f3s kezel\u00e9seken.<\/span><\/div><\/div><div class=\"html-div xdj266r x14z9mp xat24cr x1lziwak xexx8yu xyri2b x18d9i69 x1c1uobl\" tabindex=\"-1\"><div class=\"html-div xdj266r x14z9mp x1lziwak xexx8yu xyri2b x18d9i69 x1c1uobl x1e56ztr\">\u00a0<\/div><\/div><div class=\"html-div xdj266r x14z9mp xat24cr x1lziwak xexx8yu xyri2b x18d9i69 x1c1uobl\" tabindex=\"-1\"><div class=\"html-div xdj266r x14z9mp x1lziwak xexx8yu xyri2b x18d9i69 x1c1uobl x1e56ztr\"><span class=\"x193iq5w xeuugli x13faqbe x1vvkbs x1xmvt09 x6prxxf xvq8zen xo1l8bm xzsf02u\" style=\"color: #000000;\">Levente \u00e9desanyja, Birizd\u00f3 Enik\u0151 jelent\u0151s eszt\u00e1ri k\u00f6t\u0151d\u00e9ssel rendelkezik: t\u00f6bb h\u00f3napon kereszt\u00fcl helyettes\u00edtett, \u00e9s seg\u00edtette az Eszt\u00e1ri Id\u0151sek Klubj\u00e1nak munk\u00e1j\u00e1t, ahol r\u00f6vid id\u0151 alatt nagy szeretetet \u00e9s megbecs\u00fcl\u00e9st v\u00edvott ki mag\u00e1nak. Az Id\u0151sek Klubj\u00e1nak k\u00f6z\u00f6ss\u00e9ge most \u00f6sszefog, hogy t\u00e1mogat\u00e1st ny\u00fajtson neki \u00e9s csal\u00e1dj\u00e1nak ebben a neh\u00e9z id\u0151szakban.<\/span><\/div><\/div><div class=\"html-div xdj266r x14z9mp xat24cr x1lziwak xexx8yu xyri2b x18d9i69 x1c1uobl\" tabindex=\"-1\"><div class=\"html-div xdj266r x14z9mp x1lziwak xexx8yu xyri2b x18d9i69 x1c1uobl x1e56ztr\"><span class=\"x193iq5w xeuugli x13faqbe x1vvkbs x1xmvt09 x6prxxf xvq8zen xo1l8bm xzsf02u\" style=\"color: #000000;\">Szeretettel v\u00e1rjuk a s\u00fctem\u00e9nyfelaj\u00e1nl\u00e1sokat is!<\/span><\/div><\/div><div>\u00a0<\/div><div class=\"html-div xdj266r x14z9mp xat24cr x1lziwak xexx8yu xyri2b x18d9i69 x1c1uobl\" tabindex=\"-1\"><div class=\"html-div xdj266r x14z9mp x1lziwak xexx8yu xyri2b x18d9i69 x1c1uobl x1e56ztr\"><span class=\"x193iq5w xeuugli x13faqbe x1vvkbs x1xmvt09 x6prxxf xvq8zen xo1l8bm xzsf02u\" style=\"color: #000000;\"><span class=\"html-span xdj266r x14z9mp xat24cr x1lziwak xexx8yu xyri2b x18d9i69 x1c1uobl x1hl2dhg x16tdsg8 x1vvkbs\"><strong class=\"html-strong xdj266r x14z9mp xat24cr x1lziwak xexx8yu xyri2b x18d9i69 x1c1uobl x1hl2dhg x16tdsg8 x1vvkbs x1s688f\">A felaj\u00e1nl\u00e1sok jelz\u00e9s\u00e9nek hat\u00e1rideje: 2025. november 29.<\/strong><\/span><\/span><\/div><\/div><div>\u00a0<\/div><div class=\"html-div xdj266r x14z9mp xat24cr x1lziwak xexx8yu xyri2b x18d9i69 x1c1uobl\" tabindex=\"-1\"><div class=\"html-div xdj266r x14z9mp x1lziwak xexx8yu xyri2b x18d9i69 x1c1uobl x1e56ztr\"><span class=\"x193iq5w xeuugli x13faqbe x1vvkbs x1xmvt09 x6prxxf xvq8zen xo1l8bm xzsf02u\" style=\"color: #000000;\"><span class=\"html-span xdj266r x14z9mp xat24cr x1lziwak xexx8yu xyri2b x18d9i69 x1c1uobl x1hl2dhg x16tdsg8 x1vvkbs\"><strong class=\"html-strong xdj266r x14z9mp xat24cr x1lziwak xexx8yu xyri2b x18d9i69 x1c1uobl x1hl2dhg x16tdsg8 x1vvkbs x1s688f\">Tov\u00e1bb\u00e1:<\/strong><\/span><br class=\"html-br\" \/>Az \u00daj Iskola Alap\u00edtv\u00e1ny Kov\u00e1cs Zolt\u00e1n, a Beretty\u00f3\u00fajfalui J\u00f3zsef Attila \u00c1ltal\u00e1nos Iskola Sz\u00e9chenyi Istv\u00e1n Tagiskol\u00e1j\u00e1nak pedag\u00f3gusa \u00e9s Levente oszt\u00e1lyf\u0151n\u00f6ke k\u00f6zrem\u0171k\u00f6d\u00e9s\u00e9vel elk\u00fcl\u00f6n\u00edtett banksz\u00e1mlasz\u00e1mot hozott l\u00e9tre azok sz\u00e1m\u00e1ra, akik t\u00e1mogat\u00e1st szeretn\u00e9nek utalni Levente gy\u00f3gyul\u00e1s\u00e1ra:<\/span><\/div><\/div><div class=\"html-div xdj266r x14z9mp xat24cr x1lziwak xexx8yu xyri2b x18d9i69 x1c1uobl\" tabindex=\"-1\"><div class=\"html-div xdj266r x14z9mp x1lziwak xexx8yu xyri2b x18d9i69 x1c1uobl x1e56ztr\">\u00a0<\/div><\/div><div class=\"html-div xdj266r x14z9mp xat24cr x1lziwak xexx8yu xyri2b x18d9i69 x1c1uobl\" tabindex=\"-1\"><div class=\"html-div xdj266r x14z9mp x1lziwak xexx8yu xyri2b x18d9i69 x1c1uobl x1e56ztr\"><span class=\"x193iq5w xeuugli x13faqbe x1vvkbs x1xmvt09 x6prxxf xvq8zen xo1l8bm xzsf02u\" style=\"color: #000000;\"><span class=\"html-span xdj266r x14z9mp xat24cr x1lziwak xexx8yu xyri2b x18d9i69 x1c1uobl x1hl2dhg x16tdsg8 x1vvkbs\"><strong class=\"html-strong xdj266r x14z9mp xat24cr x1lziwak xexx8yu xyri2b x18d9i69 x1c1uobl x1hl2dhg x16tdsg8 x1vvkbs x1s688f\">Kov\u00e1cs Zolt\u00e1n<\/strong><\/span><br class=\"html-br\" \/><span class=\"html-span xdj266r x14z9mp xat24cr x1lziwak xexx8yu xyri2b x18d9i69 x1c1uobl x1hl2dhg x16tdsg8 x1vvkbs\"><strong class=\"html-strong xdj266r x14z9mp xat24cr x1lziwak xexx8yu xyri2b x18d9i69 x1c1uobl x1hl2dhg x16tdsg8 x1vvkbs x1s688f\">OTP Bank<\/strong><\/span><br class=\"html-br\" \/><span class=\"html-span xdj266r x14z9mp xat24cr x1lziwak xexx8yu xyri2b x18d9i69 x1c1uobl x1hl2dhg x16tdsg8 x1vvkbs\"><strong class=\"html-strong xdj266r x14z9mp xat24cr x1lziwak xexx8yu xyri2b x18d9i69 x1c1uobl x1hl2dhg x16tdsg8 x1vvkbs x1s688f\">11773384\u201303991932<\/strong><\/span><\/span><\/div><\/div><div class=\"html-div xdj266r x14z9mp xat24cr x1lziwak xexx8yu xyri2b x18d9i69 x1c1uobl\" tabindex=\"-1\"><div class=\"html-div xdj266r x14z9mp x1lziwak xexx8yu xyri2b x18d9i69 x1c1uobl x1e56ztr\">\u00a0<\/div><\/div><div class=\"html-div xdj266r x14z9mp xat24cr x1lziwak xexx8yu xyri2b x18d9i69 x1c1uobl\" tabindex=\"-1\"><div class=\"html-div xdj266r x14z9mp x1lziwak xexx8yu xyri2b x18d9i69 x1c1uobl x1e56ztr\"><span class=\"x193iq5w xeuugli x13faqbe x1vvkbs x1xmvt09 x6prxxf xvq8zen xo1l8bm xzsf02u\" style=\"color: #000000;\">A fenti sz\u00e1mlasz\u00e1mra 2026. janu\u00e1r 31-ig v\u00e1rj\u00e1k az adom\u00e1nyokat; az addig \u00f6sszegy\u0171lt \u00f6sszeget ezt k\u00f6vet\u0151en \u00e1tadj\u00e1k a csal\u00e1dnak. A hat\u00e1rid\u0151 ut\u00e1n a sz\u00e1mla megsz\u00fcntet\u00e9sre ker\u00fcl, \u00edgy tov\u00e1bbi t\u00e1mogat\u00e1s utal\u00e1s\u00e1ra m\u00e1r nem lesz lehet\u0151s\u00e9g.<\/span><\/div><\/div><div class=\"html-div xdj266r x14z9mp xat24cr x1lziwak xexx8yu xyri2b x18d9i69 x1c1uobl\" tabindex=\"-1\"><div class=\"html-div xdj266r x14z9mp x1lziwak xexx8yu xyri2b x18d9i69 x1c1uobl x1e56ztr\">\u00a0<\/div><\/div><div class=\"html-div xdj266r x14z9mp xat24cr x1lziwak xexx8yu xyri2b x18d9i69 x1c1uobl\" tabindex=\"-1\"><div class=\"html-div xdj266r x14z9mp x1lziwak xexx8yu xyri2b x18d9i69 x1c1uobl x1e56ztr\"><span class=\"x193iq5w xeuugli x13faqbe x1vvkbs x1xmvt09 x6prxxf xvq8zen xo1l8bm xzsf02u\" style=\"color: #000000;\"><span class=\"html-span xdj266r x14z9mp xat24cr x1lziwak xexx8yu xyri2b x18d9i69 x1c1uobl x1hl2dhg x16tdsg8 x1vvkbs\"><strong class=\"html-strong xdj266r x14z9mp xat24cr x1lziwak xexx8yu xyri2b x18d9i69 x1c1uobl x1hl2dhg x16tdsg8 x1vvkbs x1s688f\"><em class=\"html-em xdj266r x14z9mp xat24cr x1lziwak xexx8yu xyri2b x18d9i69 x1c1uobl x1hl2dhg x16tdsg8 x1vvkbs\">K\u00f6sz\u00f6nj\u00fck mindenkinek, aki b\u00e1rmilyen form\u00e1ban hozz\u00e1j\u00e1rul Levi gy\u00f3gyul\u00e1s\u00e1hoz \u00e9s csal\u00e1dja t\u00e1mogat\u00e1s\u00e1hoz!<\/em><\/strong><\/span><\/span><\/div><\/div><div>\u00a0<\/div><div>\u00a0<\/div><div><div class=\"wp-block-image\"><span style=\"color: #000000;\"><a style=\"color: #000000;\" href=\"https:\/\/esztar.hu\/wp-content\/uploads\/2025\/12\/Jotekonysagi-Sutivasar-2025.12.04.png\"><img fetchpriority=\"high\" decoding=\"async\" class=\"wpa-warning wpa-image-missing-alt aligncenter wp-image-24435\" src=\"https:\/\/esztar.hu\/wp-content\/uploads\/2025\/12\/Jotekonysagi-Sutivasar-2025.12.04.png\" alt=\"\" width=\"664\" height=\"939\" data-warning=\"Missing alt text\" srcset=\"https:\/\/esztar.hu\/wp-content\/uploads\/2025\/12\/Jotekonysagi-Sutivasar-2025.12.04.png 1414w, https:\/\/esztar.hu\/wp-content\/uploads\/2025\/12\/Jotekonysagi-Sutivasar-2025.12.04-768x1086.png 768w, https:\/\/esztar.hu\/wp-content\/uploads\/2025\/12\/Jotekonysagi-Sutivasar-2025.12.04-1086x1536.png 1086w, https:\/\/esztar.hu\/wp-content\/uploads\/2025\/12\/Jotekonysagi-Sutivasar-2025.12.04-8x12.png 8w\" sizes=\"(max-width: 664px) 100vw, 664px\" \/><\/a><\/span><\/div><\/div>\t\t\t\t\t\t<\/div>\n\t\t\t\t<\/div>\n\t\t\t\t\t<\/div>\n\t\t<\/div>\n\t\t\t\t\t<\/div>\n\t\t<\/section>\n\t\t\t\t<section class=\"elementor-section elementor-top-section elementor-element elementor-element-d159fea elementor-section-boxed elementor-section-height-default elementor-section-height-default\" data-id=\"d159fea\" data-element_type=\"section\">\n\t\t\t\t\t\t<div class=\"elementor-container elementor-column-gap-default\">\n\t\t\t\t\t<div class=\"elementor-column elementor-col-100 elementor-top-column elementor-element elementor-element-ef8e781\" data-id=\"ef8e781\" data-element_type=\"column\">\n\t\t\t<div class=\"elementor-widget-wrap\">\n\t\t\t\t\t\t\t<\/div>\n\t\t<\/div>\n\t\t\t\t\t<\/div>\n\t\t<\/section>\n\t\t\t\t<\/div>\n\t\t","protected":false},"excerpt":{"rendered":"<p>Az Eszt\u00e1ri Id\u0151sek Klubja \u00e9s Eszt\u00e1r K\u00f6zs\u00e9g \u00d6nkorm\u00e1nyzata szeretettel h\u00edv mindenkit a Levente gy\u00f3gyul\u00e1s\u00e1t t\u00e1mogat\u00f3 j\u00f3t\u00e9konys\u00e1gi s\u00fctiv\u00e1s\u00e1rra, amely 2025. december 4-\u00e9n 9:00 \u00f3r\u00e1t\u00f3l ker\u00fcl megrendez\u00e9sre a J\u00f3zsef Attila K\u00f6z\u00f6ss\u00e9gi Sz\u00ednt\u00e9rben.\u00a0A s\u00fctiv\u00e1s\u00e1r teljes bev\u00e9tel\u00e9t Sz\u00f6ll\u0151si Levente gy\u00f3gyul\u00e1s\u00e1ra aj\u00e1nljuk fel.\u00a0Levi a Beretty\u00f3\u00fajfalui J\u00f3zsef Attila \u00c1ltal\u00e1nos Iskola Sz\u00e9chenyi Istv\u00e1n Tagiskola nyolcadik oszt\u00e1lyos tanul\u00f3ja, aki 2025 augusztus\u00e1ban s\u00falyos balesetet<\/p>\n","protected":false},"author":7,"featured_media":0,"comment_status":"closed","ping_status":"closed","sticky":false,"template":"","format":"standard","meta":{"_sitemap_exclude":false,"_sitemap_priority":"","_sitemap_frequency":"","footnotes":""},"categories":[46,41,64],"tags":[],"class_list":["post-24434","post","type-post","status-publish","format-standard","hentry","category-felhivasok","category-hirek","category-kozossegi-elet"],"_links":{"self":[{"href":"https:\/\/esztar.hu\/index.php?rest_route=\/wp\/v2\/posts\/24434","targetHints":{"allow":["GET"]}}],"collection":[{"href":"https:\/\/esztar.hu\/index.php?rest_route=\/wp\/v2\/posts"}],"about":[{"href":"https:\/\/esztar.hu\/index.php?rest_route=\/wp\/v2\/types\/post"}],"author":[{"embeddable":true,"href":"https:\/\/esztar.hu\/index.php?rest_route=\/wp\/v2\/users\/7"}],"replies":[{"embeddable":true,"href":"https:\/\/esztar.hu\/index.php?rest_route=%2Fwp%2Fv2%2Fcomments&post=24434"}],"version-history":[{"count":5,"href":"https:\/\/esztar.hu\/index.php?rest_route=\/wp\/v2\/posts\/24434\/revisions"}],"predecessor-version":[{"id":24441,"href":"https:\/\/esztar.hu\/index.php?rest_route=\/wp\/v2\/posts\/24434\/revisions\/24441"}],"wp:attachment":[{"href":"https:\/\/esztar.hu\/index.php?rest_route=%2Fwp%2Fv2%2Fmedia&parent=24434"}],"wp:term":[{"taxonomy":"category","embeddable":true,"href":"https:\/\/esztar.hu\/index.php?rest_route=%2Fwp%2Fv2%2Fcategories&post=24434"},{"taxonomy":"post_tag","embeddable":true,"href":"https:\/\/esztar.hu\/index.php?rest_route=%2Fwp%2Fv2%2Ftags&post=24434"}],"curies":[{"name":"wp","href":"https:\/\/api.w.org\/{rel}","templated":true}]}}