{"id":24252,"date":"2025-10-16T15:36:53","date_gmt":"2025-10-16T13:36:53","guid":{"rendered":"https:\/\/esztar.hu\/?p=24252"},"modified":"2025-11-13T13:59:48","modified_gmt":"2025-11-13T12:59:48","slug":"csendul-a-nota","status":"publish","type":"post","link":"https:\/\/esztar.hu\/?p=24252","title":{"rendered":"Csend\u00fcl a n\u00f3ta"},"content":{"rendered":"<p data-start=\"132\" data-end=\"264\">Szereted a magyar n\u00f3t\u00e1t, a j\u00f3 zen\u00e9t \u00e9s a vid\u00e1m t\u00e1rsas\u00e1got?<br data-start=\"190\" data-end=\"193\" \/>Akkor tarts vel\u00fcnk egy kellemes, muzsik\u00e1val \u00e9s j\u00f3kedvvel teli est\u00e9re!<\/p>\n<p data-start=\"266\" data-end=\"395\">\ud83c\udf39 Fell\u00e9pnek:<br data-start=\"279\" data-end=\"282\" \/><strong data-start=\"282\" data-end=\"344\">G\u00e1sp\u00e1r Anni, Garaguly Bori, Szab\u00f3 Lajos \u00e9s M\u00e9sz\u00e1ros Andris<\/strong><br data-start=\"344\" data-end=\"347\" \/>\ud83c\udfbb Zenei k\u00eds\u00e9ret: <strong data-start=\"365\" data-end=\"393\">Burai R\u00f3bert \u00e9s zenekara<\/strong><\/p>\n<p data-start=\"397\" data-end=\"494\">\ud83d\udcc5 <strong data-start=\"400\" data-end=\"412\">Id\u0151pont:<\/strong> 2025.11.22. szombat\u00a0 \u00a017:00<br data-start=\"432\" data-end=\"435\" \/>\ud83d\udccd <strong data-start=\"438\" data-end=\"451\">Helysz\u00edn:<\/strong> Eszt\u00e1r K\u00f6z\u00f6ss\u00e9gi Sz\u00ednt\u00e9r<\/p>\n<p data-start=\"496\" data-end=\"665\">Gyere, \u00e9s \u00e9nekelj vel\u00fcnk, vagy csak hallgasd, \u00e9lvezd a dallamokat<\/p>\n<div class=\"wp-block-image\"><img fetchpriority=\"high\" decoding=\"async\" class=\"wpa-warning wpa-image-missing-alt aligncenter size-full wp-image-24254\" src=\"https:\/\/esztar.hu\/wp-content\/uploads\/2025\/10\/csendul-a-nota-jo-plakat.png\" alt=\"\" width=\"1587\" height=\"2245\" data-warning=\"Missing alt text\" srcset=\"https:\/\/esztar.hu\/wp-content\/uploads\/2025\/10\/csendul-a-nota-jo-plakat.png 1587w, https:\/\/esztar.hu\/wp-content\/uploads\/2025\/10\/csendul-a-nota-jo-plakat-768x1086.png 768w, https:\/\/esztar.hu\/wp-content\/uploads\/2025\/10\/csendul-a-nota-jo-plakat-1086x1536.png 1086w, https:\/\/esztar.hu\/wp-content\/uploads\/2025\/10\/csendul-a-nota-jo-plakat-1448x2048.png 1448w, https:\/\/esztar.hu\/wp-content\/uploads\/2025\/10\/csendul-a-nota-jo-plakat-8x12.png 8w\" sizes=\"(max-width: 1587px) 100vw, 1587px\" \/><\/div>\n<p data-start=\"496\" data-end=\"665\">!<br data-start=\"585\" data-end=\"588\" \/>Mindenkit nagy szeretettel v\u00e1runk egy igaz\u00e1n hangulatos <strong data-start=\"644\" data-end=\"657\">n\u00f3taestre<\/strong>! \ud83c\udfb5\u2764\ufe0f<\/p>\n","protected":false},"excerpt":{"rendered":"<p>Szereted a magyar n\u00f3t\u00e1t, a j\u00f3 zen\u00e9t \u00e9s a vid\u00e1m t\u00e1rsas\u00e1got?Akkor tarts vel\u00fcnk egy kellemes, muzsik\u00e1val \u00e9s j\u00f3kedvvel teli est\u00e9re! \ud83c\udf39 Fell\u00e9pnek:G\u00e1sp\u00e1r Anni, Garaguly Bori, Szab\u00f3 Lajos \u00e9s M\u00e9sz\u00e1ros Andris\ud83c\udfbb Zenei k\u00eds\u00e9ret: Burai R\u00f3bert \u00e9s zenekara \ud83d\udcc5 Id\u0151pont: 2025.11.22. szombat\u00a0 \u00a017:00\ud83d\udccd Helysz\u00edn: Eszt\u00e1r K\u00f6z\u00f6ss\u00e9gi Sz\u00ednt\u00e9r Gyere, \u00e9s \u00e9nekelj vel\u00fcnk, vagy csak hallgasd, \u00e9lvezd a dallamokat<\/p>\n","protected":false},"author":40,"featured_media":0,"comment_status":"closed","ping_status":"closed","sticky":false,"template":"","format":"standard","meta":{"_sitemap_exclude":false,"_sitemap_priority":"","_sitemap_frequency":"","footnotes":""},"categories":[54,1,81,64,87,90],"tags":[],"class_list":["post-24252","post","type-post","status-publish","format-standard","hentry","category-civil-oldal","category-egyeb","category-esztar-info","category-kozossegi-elet","category-kultura","category-latnivalok"],"_links":{"self":[{"href":"https:\/\/esztar.hu\/index.php?rest_route=\/wp\/v2\/posts\/24252","targetHints":{"allow":["GET"]}}],"collection":[{"href":"https:\/\/esztar.hu\/index.php?rest_route=\/wp\/v2\/posts"}],"about":[{"href":"https:\/\/esztar.hu\/index.php?rest_route=\/wp\/v2\/types\/post"}],"author":[{"embeddable":true,"href":"https:\/\/esztar.hu\/index.php?rest_route=\/wp\/v2\/users\/40"}],"replies":[{"embeddable":true,"href":"https:\/\/esztar.hu\/index.php?rest_route=%2Fwp%2Fv2%2Fcomments&post=24252"}],"version-history":[{"count":1,"href":"https:\/\/esztar.hu\/index.php?rest_route=\/wp\/v2\/posts\/24252\/revisions"}],"predecessor-version":[{"id":24255,"href":"https:\/\/esztar.hu\/index.php?rest_route=\/wp\/v2\/posts\/24252\/revisions\/24255"}],"wp:attachment":[{"href":"https:\/\/esztar.hu\/index.php?rest_route=%2Fwp%2Fv2%2Fmedia&parent=24252"}],"wp:term":[{"taxonomy":"category","embeddable":true,"href":"https:\/\/esztar.hu\/index.php?rest_route=%2Fwp%2Fv2%2Fcategories&post=24252"},{"taxonomy":"post_tag","embeddable":true,"href":"https:\/\/esztar.hu\/index.php?rest_route=%2Fwp%2Fv2%2Ftags&post=24252"}],"curies":[{"name":"wp","href":"https:\/\/api.w.org\/{rel}","templated":true}]}}