{"id":23871,"date":"2025-09-01T12:54:04","date_gmt":"2025-09-01T10:54:04","guid":{"rendered":"https:\/\/esztar.hu\/?p=23871"},"modified":"2025-09-03T15:50:47","modified_gmt":"2025-09-03T13:50:47","slug":"kolozsvari-edit-a-lelek-kutja","status":"publish","type":"post","link":"https:\/\/esztar.hu\/?p=23871","title":{"rendered":"Kolozsv\u00e1ri Edit- A l\u00e9lek k\u00fatja"},"content":{"rendered":"<div>\n<p class=\"xdj266r x14z9mp xat24cr x1lziwak x16tdsg8\">Kedves \u00c9rdekl\u0151d\u0151k!<\/p>\n<p class=\"xdj266r x14z9mp xat24cr x1lziwak x16tdsg8\">Szeretettel v\u00e1runk minden kedves m\u0171v\u00e9szetkedvel\u0151t,<\/p>\n<p class=\"xdj266r x14z9mp xat24cr x1lziwak x16tdsg8\">a <b><strong class=\"x1s688f\">2025.09.13<\/strong><\/b>-\u00e1n <b><strong class=\"x1s688f\">17:00<\/strong><\/b> \u00f3rakor kezd\u0151d\u0151:<\/p>\n<p class=\"xdj266r x14z9mp xat24cr x1lziwak x16tdsg8\"><b><strong class=\"x1s688f\">Kolozsv\u00e1ri Edit-A l\u00e9lek k\u00fatja<\/strong><\/b> c\u00edm\u0171 festm\u00e9nyki\u00e1ll\u00edt\u00e1s megnyit\u00f3j\u00e1ra.<\/p>\n<p class=\"xdj266r x14z9mp xat24cr x1lziwak x16tdsg8\">A ki\u00e1ll\u00edt\u00e1s helysz\u00edne: Eszt\u00e1r K\u00f6z\u00f6ss\u00e9gi Sz\u00ednt\u00e9r<\/p>\n<p class=\"xdj266r x14z9mp xat24cr x1lziwak x16tdsg8\"><b><strong class=\"x1s688f\">&#8222;Engedj\u00e9k meg, hogy a k\u00e9pek megsz\u00f3l\u00edts\u00e1k \u00d6n\u00f6ket, \u00e9s mer\u00edtsenek er\u0151t a l\u00e9lek k\u00fatj\u00e1b\u00f3l!&#8221;<\/strong><\/b><\/p>\n<\/div>\n<div><\/div>\n<div><\/div>\n<div class=\"wp-block-image\"><img fetchpriority=\"high\" decoding=\"async\" class=\"wpa-warning wpa-image-missing-alt aligncenter size-full wp-image-23872\" src=\"https:\/\/esztar.hu\/wp-content\/uploads\/2025\/09\/A-Lelek-Kutja-plakat.jpg\" alt=\"\" width=\"1998\" height=\"1675\" data-warning=\"Missing alt text\" srcset=\"https:\/\/esztar.hu\/wp-content\/uploads\/2025\/09\/A-Lelek-Kutja-plakat.jpg 1998w, https:\/\/esztar.hu\/wp-content\/uploads\/2025\/09\/A-Lelek-Kutja-plakat-768x644.jpg 768w, https:\/\/esztar.hu\/wp-content\/uploads\/2025\/09\/A-Lelek-Kutja-plakat-1536x1288.jpg 1536w, https:\/\/esztar.hu\/wp-content\/uploads\/2025\/09\/A-Lelek-Kutja-plakat-14x12.jpg 14w\" sizes=\"(max-width: 1998px) 100vw, 1998px\" \/><\/div>\n","protected":false},"excerpt":{"rendered":"<p>Kedves \u00c9rdekl\u0151d\u0151k! Szeretettel v\u00e1runk minden kedves m\u0171v\u00e9szetkedvel\u0151t, a 2025.09.13-\u00e1n 17:00 \u00f3rakor kezd\u0151d\u0151: Kolozsv\u00e1ri Edit-A l\u00e9lek k\u00fatja c\u00edm\u0171 festm\u00e9nyki\u00e1ll\u00edt\u00e1s megnyit\u00f3j\u00e1ra. A ki\u00e1ll\u00edt\u00e1s helysz\u00edne: Eszt\u00e1r K\u00f6z\u00f6ss\u00e9gi Sz\u00ednt\u00e9r &#8222;Engedj\u00e9k meg, hogy a k\u00e9pek megsz\u00f3l\u00edts\u00e1k \u00d6n\u00f6ket, \u00e9s mer\u00edtsenek er\u0151t a l\u00e9lek k\u00fatj\u00e1b\u00f3l!&#8221;<\/p>\n","protected":false},"author":40,"featured_media":0,"comment_status":"closed","ping_status":"closed","sticky":false,"template":"","format":"standard","meta":{"_sitemap_exclude":false,"_sitemap_priority":"","_sitemap_frequency":"","footnotes":""},"categories":[54,1,81,41,64,87],"tags":[],"class_list":["post-23871","post","type-post","status-publish","format-standard","hentry","category-civil-oldal","category-egyeb","category-esztar-info","category-hirek","category-kozossegi-elet","category-kultura"],"_links":{"self":[{"href":"https:\/\/esztar.hu\/index.php?rest_route=\/wp\/v2\/posts\/23871","targetHints":{"allow":["GET"]}}],"collection":[{"href":"https:\/\/esztar.hu\/index.php?rest_route=\/wp\/v2\/posts"}],"about":[{"href":"https:\/\/esztar.hu\/index.php?rest_route=\/wp\/v2\/types\/post"}],"author":[{"embeddable":true,"href":"https:\/\/esztar.hu\/index.php?rest_route=\/wp\/v2\/users\/40"}],"replies":[{"embeddable":true,"href":"https:\/\/esztar.hu\/index.php?rest_route=%2Fwp%2Fv2%2Fcomments&post=23871"}],"version-history":[{"count":1,"href":"https:\/\/esztar.hu\/index.php?rest_route=\/wp\/v2\/posts\/23871\/revisions"}],"predecessor-version":[{"id":23873,"href":"https:\/\/esztar.hu\/index.php?rest_route=\/wp\/v2\/posts\/23871\/revisions\/23873"}],"wp:attachment":[{"href":"https:\/\/esztar.hu\/index.php?rest_route=%2Fwp%2Fv2%2Fmedia&parent=23871"}],"wp:term":[{"taxonomy":"category","embeddable":true,"href":"https:\/\/esztar.hu\/index.php?rest_route=%2Fwp%2Fv2%2Fcategories&post=23871"},{"taxonomy":"post_tag","embeddable":true,"href":"https:\/\/esztar.hu\/index.php?rest_route=%2Fwp%2Fv2%2Ftags&post=23871"}],"curies":[{"name":"wp","href":"https:\/\/api.w.org\/{rel}","templated":true}]}}