{"id":23649,"date":"2025-05-26T14:46:40","date_gmt":"2025-05-26T12:46:40","guid":{"rendered":"https:\/\/esztar.hu\/?p=23649"},"modified":"2025-05-26T14:52:30","modified_gmt":"2025-05-26T12:52:30","slug":"muveszeti-gala","status":"publish","type":"post","link":"https:\/\/esztar.hu\/?p=23649","title":{"rendered":"M\u0171v\u00e9szeti G\u00e1la"},"content":{"rendered":"<div>Az Bihari Alapfok\u00fa M\u0171v\u00e9szeti Iskola tanszakainak z\u00e1r\u00f3 bemutat\u00f3ja.<\/div>\n<div><\/div>\n<div><\/div>\n<div class=\"wp-block-image\"><img fetchpriority=\"high\" decoding=\"async\" class=\"wpa-warning wpa-image-missing-alt aligncenter size-full wp-image-23650\" src=\"https:\/\/esztar.hu\/wp-content\/uploads\/2025\/05\/SZERETETTELVARUNK-MINDEN-KEDVES-ERDEKLODOT-A-BIHARI-ALAPFOKU-MUVESZETI-ISKOLA-ESZTARI-TELEPHELYENEK-EV-VEGI-BEMUTATOJARA-2-1.png\" alt=\"\" width=\"1587\" height=\"2245\" data-warning=\"Missing alt text\" srcset=\"https:\/\/esztar.hu\/wp-content\/uploads\/2025\/05\/SZERETETTELVARUNK-MINDEN-KEDVES-ERDEKLODOT-A-BIHARI-ALAPFOKU-MUVESZETI-ISKOLA-ESZTARI-TELEPHELYENEK-EV-VEGI-BEMUTATOJARA-2-1.png 1587w, https:\/\/esztar.hu\/wp-content\/uploads\/2025\/05\/SZERETETTELVARUNK-MINDEN-KEDVES-ERDEKLODOT-A-BIHARI-ALAPFOKU-MUVESZETI-ISKOLA-ESZTARI-TELEPHELYENEK-EV-VEGI-BEMUTATOJARA-2-1-768x1086.png 768w, https:\/\/esztar.hu\/wp-content\/uploads\/2025\/05\/SZERETETTELVARUNK-MINDEN-KEDVES-ERDEKLODOT-A-BIHARI-ALAPFOKU-MUVESZETI-ISKOLA-ESZTARI-TELEPHELYENEK-EV-VEGI-BEMUTATOJARA-2-1-1086x1536.png 1086w, https:\/\/esztar.hu\/wp-content\/uploads\/2025\/05\/SZERETETTELVARUNK-MINDEN-KEDVES-ERDEKLODOT-A-BIHARI-ALAPFOKU-MUVESZETI-ISKOLA-ESZTARI-TELEPHELYENEK-EV-VEGI-BEMUTATOJARA-2-1-1448x2048.png 1448w, https:\/\/esztar.hu\/wp-content\/uploads\/2025\/05\/SZERETETTELVARUNK-MINDEN-KEDVES-ERDEKLODOT-A-BIHARI-ALAPFOKU-MUVESZETI-ISKOLA-ESZTARI-TELEPHELYENEK-EV-VEGI-BEMUTATOJARA-2-1-8x12.png 8w\" sizes=\"(max-width: 1587px) 100vw, 1587px\" \/><\/div>\n","protected":false},"excerpt":{"rendered":"<p>Az Bihari Alapfok\u00fa M\u0171v\u00e9szeti Iskola tanszakainak z\u00e1r\u00f3 bemutat\u00f3ja.<\/p>\n","protected":false},"author":40,"featured_media":0,"comment_status":"closed","ping_status":"closed","sticky":false,"template":"","format":"standard","meta":{"_sitemap_exclude":false,"_sitemap_priority":"","_sitemap_frequency":"","footnotes":""},"categories":[1],"tags":[],"class_list":["post-23649","post","type-post","status-publish","format-standard","hentry","category-egyeb"],"_links":{"self":[{"href":"https:\/\/esztar.hu\/index.php?rest_route=\/wp\/v2\/posts\/23649","targetHints":{"allow":["GET"]}}],"collection":[{"href":"https:\/\/esztar.hu\/index.php?rest_route=\/wp\/v2\/posts"}],"about":[{"href":"https:\/\/esztar.hu\/index.php?rest_route=\/wp\/v2\/types\/post"}],"author":[{"embeddable":true,"href":"https:\/\/esztar.hu\/index.php?rest_route=\/wp\/v2\/users\/40"}],"replies":[{"embeddable":true,"href":"https:\/\/esztar.hu\/index.php?rest_route=%2Fwp%2Fv2%2Fcomments&post=23649"}],"version-history":[{"count":1,"href":"https:\/\/esztar.hu\/index.php?rest_route=\/wp\/v2\/posts\/23649\/revisions"}],"predecessor-version":[{"id":23651,"href":"https:\/\/esztar.hu\/index.php?rest_route=\/wp\/v2\/posts\/23649\/revisions\/23651"}],"wp:attachment":[{"href":"https:\/\/esztar.hu\/index.php?rest_route=%2Fwp%2Fv2%2Fmedia&parent=23649"}],"wp:term":[{"taxonomy":"category","embeddable":true,"href":"https:\/\/esztar.hu\/index.php?rest_route=%2Fwp%2Fv2%2Fcategories&post=23649"},{"taxonomy":"post_tag","embeddable":true,"href":"https:\/\/esztar.hu\/index.php?rest_route=%2Fwp%2Fv2%2Ftags&post=23649"}],"curies":[{"name":"wp","href":"https:\/\/api.w.org\/{rel}","templated":true}]}}