{"id":23452,"date":"2025-02-04T15:49:11","date_gmt":"2025-02-04T14:49:11","guid":{"rendered":"https:\/\/esztar.hu\/?p=23452"},"modified":"2025-02-04T15:49:11","modified_gmt":"2025-02-04T14:49:11","slug":"a-magyar-kultura-unnepe-esztaron","status":"publish","type":"post","link":"https:\/\/esztar.hu\/?p=23452","title":{"rendered":"A Magyar Kult\u00fara \u00dcnnepe Eszt\u00e1ron"},"content":{"rendered":"<p><strong><em>A n\u00e9pi kult\u00far\u00e1t \u00f6r\u00f6ks\u00e9g\u00fcl kapjuk el\u0151djeinkt\u0151l, amely akkor maradhat fenn, ha a nemzed\u00e9kek \u00fajra \u00e9s \u00fajra meg\u00e9lik. A jeles nap alkalm\u00e1b\u00f3l janu\u00e1r 22-\u00e9n ennek a sz\u00e9p \u00f6r\u00f6ks\u00e9gnek a szellemis\u00e9g\u00e9t \u00e9lhett\u00fck meg.<\/em><\/strong><\/p>\n<div class=\"wp-block-image\"><\/div>\n<p>A rendezv\u00e9nyt Sz\u00e9csi Attila t\u00f6rt\u00e9nelemtan\u00e1r m\u00e9lt\u00f3 megnyit\u00f3ja ind\u00edtotta, majd Sz\u00e9csi Tam\u00e1s polg\u00e1rmester \u00far k\u00f6sz\u00f6nt\u0151 besz\u00e9d\u00e9vel folytat\u00f3dott. Az \u00fcnnepi programban szerepl\u0151k a magyar n\u00e9pi kult\u00fara k\u00fcl\u00f6nb\u00f6z\u0151 aspektusait hozt\u00e1k el a k\u00f6z\u00f6ns\u00e9g sz\u00e1m\u00e1ra.<br \/>\nA m\u0171sor els\u0151 r\u00e9sz\u00e9ben Vajasn\u00e9 Rag\u00e1lyi Edit \u00e9s Nagy Imre n\u00e9pi dalcsokorral k\u00e9sz\u00fcltek, k\u00fcl\u00f6nleges \u00e9lm\u00e9nyt ny\u00fajtva a k\u00f6z\u00f6ns\u00e9gnek. Emellett Nagy Imre a toboz hangszert is bemutatta, \u00edgy a r\u00e9sztvev\u0151k egy k\u00fcl\u00f6nleges, hagyom\u00e1nyos hangszert ismerhettek meg.<br \/>\nA zenei \u00e9lm\u00e9nyek mellett Bancsi Edina zongoram\u0171v\u00e9sz, a helyi zongora tan\u00e1rn\u0151 elb\u0171v\u00f6l\u0151 j\u00e1t\u00e9k\u00e1t hallgathatt\u00e1k meg a r\u00e9sztvev\u0151k, aki tehets\u00e9g\u00e9vel var\u00e1zsolta el a k\u00f6z\u00f6ns\u00e9get.<br \/>\nAz est k\u00fcl\u00f6nleges vend\u00e9gel\u0151ad\u00f3kat is felvonultatott. K\u00e1llai M\u00e1ty\u00e1s n\u00e9pt\u00e1ncos el\u0151ad\u00e1s\u00e1val, valamint az Eszt\u00e1ri Sz\u00ednj\u00e1tsz\u00f3k\u00f6r tagjaival egyed\u00fcl\u00e1ll\u00f3 m\u0171v\u00e9szeti \u00e9lm\u00e9nyt biztos\u00edtottak. Az Eszt\u00e1ri Irinyi K\u00e1roly \u00c1ltal\u00e1nos Iskola di\u00e1kjai pedig K\u00f6lcsey Ferencet, a magyar nemzet nagy k\u00f6lt\u0151j\u00e9t szem\u00e9lyes\u00edtett\u00e9k meg, \u00edgy egy \u00faj, fiatalos perspekt\u00edv\u00e1b\u00f3l ismerhett\u00fck meg a k\u00f6lt\u0151 \u00e9let\u00e9t \u00e9s munk\u00e1ss\u00e1g\u00e1t. A programot tov\u00e1bb sz\u00ednes\u00edtette a Bazsar\u00f3zsa H\u00edmz\u0151szakk\u00f6r munk\u00e1ib\u00f3l k\u00e9sz\u00fclt ki\u00e1ll\u00edt\u00e1s, mely m\u00e9lt\u00f3 m\u00f3don k\u00e9pviselte a n\u00e9pm\u0171v\u00e9szeti \u00e9rt\u00e9keket.<\/p>\n<p>Az esem\u00e9ny teh\u00e1t, nem csup\u00e1n a hagyom\u00e1nyok meg\u0151rz\u00e9s\u00e9re h\u00edvta fel a figyelmet, hanem lehet\u0151s\u00e9get adott arra is, hogy a k\u00f6z\u00f6ss\u00e9g k\u00f6z\u00f6sen \u00e1t\u00e9lje \u00e9s \u00e1polja a nemzeti identit\u00e1st \u00e9s a magyar kult\u00fara gazdags\u00e1g\u00e1t.<\/p>\n<p>&nbsp;<\/p>\n","protected":false},"excerpt":{"rendered":"<p>A n\u00e9pi kult\u00far\u00e1t \u00f6r\u00f6ks\u00e9g\u00fcl kapjuk el\u0151djeinkt\u0151l, amely akkor maradhat fenn, ha a nemzed\u00e9kek \u00fajra \u00e9s \u00fajra meg\u00e9lik. A jeles nap alkalm\u00e1b\u00f3l janu\u00e1r 22-\u00e9n ennek a sz\u00e9p \u00f6r\u00f6ks\u00e9gnek a szellemis\u00e9g\u00e9t \u00e9lhett\u00fck meg. A rendezv\u00e9nyt Sz\u00e9csi Attila t\u00f6rt\u00e9nelemtan\u00e1r m\u00e9lt\u00f3 megnyit\u00f3ja ind\u00edtotta, majd Sz\u00e9csi Tam\u00e1s polg\u00e1rmester \u00far k\u00f6sz\u00f6nt\u0151 besz\u00e9d\u00e9vel folytat\u00f3dott. Az \u00fcnnepi programban szerepl\u0151k a magyar n\u00e9pi kult\u00fara<\/p>\n","protected":false},"author":7,"featured_media":0,"comment_status":"closed","ping_status":"closed","sticky":false,"template":"","format":"standard","meta":{"_sitemap_exclude":false,"_sitemap_priority":"","_sitemap_frequency":"","footnotes":""},"categories":[64,87],"tags":[],"class_list":["post-23452","post","type-post","status-publish","format-standard","hentry","category-kozossegi-elet","category-kultura"],"_links":{"self":[{"href":"https:\/\/esztar.hu\/index.php?rest_route=\/wp\/v2\/posts\/23452","targetHints":{"allow":["GET"]}}],"collection":[{"href":"https:\/\/esztar.hu\/index.php?rest_route=\/wp\/v2\/posts"}],"about":[{"href":"https:\/\/esztar.hu\/index.php?rest_route=\/wp\/v2\/types\/post"}],"author":[{"embeddable":true,"href":"https:\/\/esztar.hu\/index.php?rest_route=\/wp\/v2\/users\/7"}],"replies":[{"embeddable":true,"href":"https:\/\/esztar.hu\/index.php?rest_route=%2Fwp%2Fv2%2Fcomments&post=23452"}],"version-history":[{"count":2,"href":"https:\/\/esztar.hu\/index.php?rest_route=\/wp\/v2\/posts\/23452\/revisions"}],"predecessor-version":[{"id":23472,"href":"https:\/\/esztar.hu\/index.php?rest_route=\/wp\/v2\/posts\/23452\/revisions\/23472"}],"wp:attachment":[{"href":"https:\/\/esztar.hu\/index.php?rest_route=%2Fwp%2Fv2%2Fmedia&parent=23452"}],"wp:term":[{"taxonomy":"category","embeddable":true,"href":"https:\/\/esztar.hu\/index.php?rest_route=%2Fwp%2Fv2%2Fcategories&post=23452"},{"taxonomy":"post_tag","embeddable":true,"href":"https:\/\/esztar.hu\/index.php?rest_route=%2Fwp%2Fv2%2Ftags&post=23452"}],"curies":[{"name":"wp","href":"https:\/\/api.w.org\/{rel}","templated":true}]}}