{"id":23385,"date":"2025-01-06T23:41:37","date_gmt":"2025-01-06T22:41:37","guid":{"rendered":"https:\/\/esztar.hu\/?p=23385"},"modified":"2025-01-07T09:25:48","modified_gmt":"2025-01-07T08:25:48","slug":"tajekoztatas-maganszemelyek-kommunalis-adojat-erinto-modositasokrol","status":"publish","type":"post","link":"https:\/\/esztar.hu\/?p=23385","title":{"rendered":"T\u00e1j\u00e9koztat\u00e1s &#8211; Mag\u00e1nszem\u00e9lyek kommun\u00e1lis ad\u00f3j\u00e1t \u00e9rint\u0151 m\u00f3dos\u00edt\u00e1sokr\u00f3l"},"content":{"rendered":"<p style=\"text-align: center;\"><strong>Eszt\u00e1ri K\u00f6z\u00f6s \u00d6nkorm\u00e1nyzati Hivatal<br \/>\n<\/strong><img decoding=\"async\" class=\"wpa-warning wpa-image-missing-alt wp-image-23387 alignright\" style=\"outline-color: #b32d2e; outline-width: 4px; text-align: start;\" src=\"https:\/\/esztar.hu\/wp-content\/uploads\/2025\/01\/kism.png\" alt=\"\" width=\"151\" height=\"166\" data-warning=\"Missing alt text\" srcset=\"https:\/\/esztar.hu\/wp-content\/uploads\/2025\/01\/kism.png 204w, https:\/\/esztar.hu\/wp-content\/uploads\/2025\/01\/kism-11x12.png 11w\" sizes=\"(max-width: 151px) 100vw, 151px\" \/><img decoding=\"async\" class=\"wpa-warning wpa-image-missing-alt wp-image-23386 alignleft\" style=\"outline-color: #b32d2e; outline-width: 4px; text-align: start;\" src=\"https:\/\/esztar.hu\/wp-content\/uploads\/2025\/01\/eszt.png\" alt=\"\" width=\"128\" height=\"137\" data-warning=\"Missing alt text\" srcset=\"https:\/\/esztar.hu\/wp-content\/uploads\/2025\/01\/eszt.png 158w, https:\/\/esztar.hu\/wp-content\/uploads\/2025\/01\/eszt-11x12.png 11w\" sizes=\"(max-width: 128px) 100vw, 128px\" \/><\/p>\n<p style=\"text-align: center;\">4124 Eszt\u00e1r, \u00c1rp\u00e1d u. 1.<br \/>\nTel.\/Fax: 06-54-414-081, E-mail: <a href=\"mailto:esztarph@gmail.com\">esztarph@gmail.com<\/a><br \/>\nEszt\u00e1ri K\u00f6z\u00f6s \u00d6nkorm\u00e1nyzati Hivatal Kirendelts\u00e9ge\u00a04126 Kismarja, Bocskai u. 20.<\/p>\n<p style=\"text-align: center;\">Tel: 54\/419-021, Fax: 54\/419-087, Email: <a href=\"mailto:hivatal@kismarja.hu\">hivatal@kismarja.hu<\/a><\/p>\n<p>&nbsp;<\/p>\n<p><strong>Tisztelt Lakoss\u00e1g!<\/strong><\/p>\n<p><strong>\u00a0<\/strong><\/p>\n<p>Ez\u00faton szeretn\u00e9m t\u00e1j\u00e9koztatni \u00d6n\u00f6ket, hogy Eszt\u00e1r K\u00f6zs\u00e9g \u00d6nkorm\u00e1nyzata K\u00e9pvisel\u0151-test\u00fclet\u00e9nek 16\/2013. (XI. 11.) \u00f6nkorm\u00e1nyzati rendelet\u00e9nek m\u00f3dos\u00edt\u00e1sa a helyi ad\u00f3kr\u00f3l <strong>2025.01.01. napj\u00e1val hat\u00e1lyba l\u00e9pett.<\/strong><\/p>\n<p>A rendelkez\u00e9sek az al\u00e1bbiak szerint m\u00f3dosultak:<\/p>\n<ul>\n<li>A mag\u00e1nszem\u00e9lyek kommun\u00e1lis ad\u00f3ja \u00f6sszege 8.000 Ft-r\u00f3l 10.000 Ft-ra emelkedett ad\u00f3t\u00e1rgyank\u00e9nt (ingatlanonk\u00e9nt), amely v\u00e1ltoz\u00e1sr\u00f3l a k\u00e9s\u0151bbiekben hat\u00e1rozat ker\u00fcl kik\u00fcld\u00e9sre.<\/li>\n<li>A mag\u00e1nszem\u00e9lyek kommun\u00e1lis ad\u00f3ja al\u00f3l mentes az az ad\u00f3alany, aki igazoltan r\u00e9szt vesz az al\u00e1bbi sz\u0171r\u0151vizsg\u00e1latok egyik\u00e9n:<\/li>\n<\/ul>\n<ol>\n<li>a)\u00a0mellkas-sz\u0171r\u0151vizsg\u00e1laton (t\u00fcd\u0151sz\u0171r\u00e9s), vagy<\/li>\n<li>b)\u00a0m\u00e9hnyaksz\u0171r\u00e9sen, vagy<\/li>\n<li>c)\u00a0vastagb\u00e9lsz\u0171r\u00e9sen, vagy<\/li>\n<li>d)\u00a0az eml\u0151 l\u00e1gyr\u00e9sz r\u00f6ntgenvizsg\u00e1lat\u00e1n alapul\u00f3 eml\u0151sz\u0171r\u00e9sen (mammogr\u00e1fia), vagy<\/li>\n<li>e)\u00a0prosztatasz\u0171r\u00e9sen, vagy<\/li>\n<li>f)\u00a0anyajegysz\u0171r\u00e9sen.<\/li>\n<\/ol>\n<p>A mentess\u00e9g csak arra az ad\u00f3\u00e9vre vonatkozik, amelyik \u00e9vben a sz\u0171r\u0151vizsg\u00e1laton val\u00f3 r\u00e9szv\u00e9telre sor ker\u00fcl. A kor\u00e1bbi \u00e9vekhez hasonl\u00f3an m\u00e1rcius 15-ig kiz\u00e1r\u00f3lag a Polg\u00e1rmesteri Hivatalb\u00f3l kiadott igazol\u00e1st \u00e1ll m\u00f3dunkban elfogadni, amely orvosi pecs\u00e9ttel \u00e9s al\u00e1\u00edr\u00e1ssal van ell\u00e1tva. 2025.01.01-t\u0151l a sz\u0171r\u0151vizsg\u00e1laton val\u00f3 r\u00e9szv\u00e9tel igazol\u00e1s\u00e1hoz \u00faj nyomtatv\u00e1ny k\u00e9rhet\u0151 Eszt\u00e1r K\u00f6zs\u00e9g \u00d6nkorm\u00e1nyzat Hivatal\u00e1ban, illetve let\u00f6lthet\u0151 az esztar.hu honlapr\u00f3l.<\/p>\n<p>A mentess\u00e9g nem vonatkozik azokra a sz\u0171r\u00e9sekre, amelyek az \u00f6nkorm\u00e1nyzat saj\u00e1t szervez\u00e9s\u00e9ben, az \u00f6nkorm\u00e1nyzat saj\u00e1t k\u00f6lts\u00e9g\u00e9re val\u00f3sulnak meg.<\/p>\n<p>&nbsp;<\/p>\n<ul>\n<li>\u00daj mentess\u00e9g ker\u00fclt bevezet\u00e9sre azon ad\u00f3alany r\u00e9sz\u00e9re, aki az ad\u00f3\u00e9vet megel\u0151z\u0151 \u00e9vben a 80. \u00e9let\u00e9v\u00e9t bet\u00f6lt\u00f6tte \u00e9s egyed\u00fcl\u00e1ll\u00f3. A mentess\u00e9g meg\u00e1llap\u00edt\u00e1s\u00e1t legk\u00e9s\u0151bb m\u00e1rcius 15-ig kell k\u00e9relmezni.<\/li>\n<\/ul>\n<p>&nbsp;<\/p>\n<ul>\n<li>Mentess\u00e9gi k\u00e9relmet csak ad\u00f3- \u00e9s p\u00f3tl\u00e9ktartoz\u00e1ssal nem rendelkez\u0151 ad\u00f3alany ny\u00fajthat be. A mentess\u00e9gi k\u00e9relem ig\u00e9nyelhet\u0151 a Polg\u00e1rmesteri Hivatalban, illetve let\u00f6lthet\u0151 az esztar.hu honlapr\u00f3l.<\/li>\n<\/ul>\n<p>&nbsp;<\/p>\n<p><strong>Eszt\u00e1r, 2025.01.06. \u00a0\u00a0\u00a0\u00a0\u00a0\u00a0\u00a0\u00a0\u00a0\u00a0\u00a0\u00a0\u00a0\u00a0\u00a0\u00a0\u00a0\u00a0\u00a0\u00a0\u00a0\u00a0\u00a0\u00a0\u00a0\u00a0\u00a0\u00a0\u00a0\u00a0\u00a0\u00a0\u00a0\u00a0\u00a0\u00a0\u00a0\u00a0\u00a0\u00a0\u00a0\u00a0\u00a0\u00a0\u00a0\u00a0\u00a0\u00a0\u00a0\u00a0\u00a0\u00a0\u00a0\u00a0\u00a0\u00a0\u00a0\u00a0\u00a0\u00a0\u00a0\u00a0\u00a0\u00a0\u00a0\u00a0\u00a0\u00a0\u00a0\u00a0\u00a0\u00a0\u00a0\u00a0\u00a0\u00a0\u00a0\u00a0\u00a0\u00a0\u00a0\u00a0\u00a0\u00a0\u00a0\u00a0\u00a0\u00a0\u00a0\u00a0\u00a0\u00a0\u00a0\u00a0 <\/strong><\/p>\n<p style=\"text-align: center;\"><strong>\u00a0 \u00a0 \u00a0 \u00a0 \u00a0 \u00a0 \u00a0 \u00a0 \u00a0 \u00a0 \u00a0 \u00a0 \u00a0 \u00a0 \u00a0 \u00a0 \u00a0 \u00a0 \u00a0 \u00a0 \u00a0 \u00a0 \u00a0 \u00a0 \u00a0 \u00a0 \u00a0 \u00a0 \u00a0 \u00a0 \u00a0 \u00a0 \u00a0 \u00a0 \u00a0 \u00a0 \u00a0 \u00a0 \u00a0 \u00a0 \u00a0 \u00a0 \u00a0 \u00a0 \u00a0 \u00a0 \u00a0 \u00a0 \u00a0 \u00a0 \u00a0 \u00a0 \u00a0 \u00a0 \u00a0 \u00a0 \u00a0 \u00a0 \u00a0 \u00a0 \u00a0 \u00a0 \u00a0 \u00a0 \u00a0 \u00a0 \u00a0 \u00a0 \u00a0 \u00a0 \u00a0 \u00a0 \u00a0 \u00a0 \u00a0 \u00a0 Fek\u00e9n\u00e9 Tarcsi Csilla<\/strong><\/p>\n<p style=\"text-align: center;\"><strong>\u00a0 \u00a0 \u00a0 \u00a0 \u00a0 \u00a0 \u00a0 \u00a0 \u00a0 \u00a0 \u00a0 \u00a0 \u00a0 \u00a0 \u00a0 \u00a0 \u00a0 \u00a0 \u00a0 \u00a0 \u00a0 \u00a0 \u00a0 \u00a0 \u00a0 \u00a0 \u00a0 \u00a0 \u00a0 \u00a0 \u00a0 \u00a0 \u00a0 \u00a0 \u00a0 \u00a0 \u00a0 \u00a0 \u00a0 \u00a0 \u00a0 \u00a0 \u00a0 \u00a0 \u00a0 \u00a0 \u00a0 \u00a0 \u00a0 \u00a0 \u00a0 \u00a0 \u00a0 \u00a0 \u00a0 \u00a0 \u00a0 \u00a0 \u00a0 \u00a0 \u00a0 \u00a0 \u00a0 \u00a0 \u00a0 \u00a0 \u00a0 \u00a0 \u00a0 \u00a0 \u00a0 \u00a0 \u00a0 \u00a0 \u00a0 jegyz\u0151<\/strong><\/p>\n<p>&nbsp;<\/p>\n<p>&nbsp;<\/p>\n<p><strong>Mell\u00e9kletek:<\/strong><\/p>\n<ul>\n<li><strong><a href=\"https:\/\/esztar.hu\/wp-content\/uploads\/2025\/01\/Szurovizsgalat.docx\">Igazol\u00e1s sz\u0171r\u0151vizsg\u00e1laton val\u00f3 r\u00e9szv\u00e9telr\u0151l<\/a><\/strong><\/li>\n<li><strong><a href=\"https:\/\/esztar.hu\/wp-content\/uploads\/2025\/01\/Mentessegi-kerelem.pdf\">Mentess\u00e9gi k\u00e9relem<\/a><\/strong><\/li>\n<li><strong><a href=\"https:\/\/esztar.hu\/wp-content\/uploads\/2025\/01\/Mentessegi-kerelem-Szurovizsgalaton-valo-reszvetel-kitoltesi-utmutato.pdf\">Mentess\u00e9gi k\u00e9relem (Sz\u0171r\u0151vizsg\u00e1laton val\u00f3 r\u00e9szv\u00e9tel)- kit\u00f6lt\u00e9si \u00fatmutat\u00f3<\/a><\/strong><\/li>\n<li><strong><a href=\"https:\/\/esztar.hu\/wp-content\/uploads\/2025\/01\/Mentessegi-kerelem-80.-eletevet-betolto-adoalanyok-kitoltesi-utmutato.pdf\">Mentess\u00e9gi k\u00e9relem (80. \u00e9let\u00e9vet bet\u00f6lt\u0151 ad\u00f3alanyok) &#8211; kit\u00f6lt\u00e9si \u00fatmutat\u00f3<\/a><\/strong><\/li>\n<\/ul>\n","protected":false},"excerpt":{"rendered":"<p>Eszt\u00e1ri K\u00f6z\u00f6s \u00d6nkorm\u00e1nyzati Hivatal 4124 Eszt\u00e1r, \u00c1rp\u00e1d u. 1. Tel.\/Fax: 06-54-414-081, E-mail: esztarph@gmail.com Eszt\u00e1ri K\u00f6z\u00f6s \u00d6nkorm\u00e1nyzati Hivatal Kirendelts\u00e9ge\u00a04126 Kismarja, Bocskai u. 20. Tel: 54\/419-021, Fax: 54\/419-087, Email: hivatal@kismarja.hu &nbsp; Tisztelt Lakoss\u00e1g! \u00a0 Ez\u00faton szeretn\u00e9m t\u00e1j\u00e9koztatni \u00d6n\u00f6ket, hogy Eszt\u00e1r K\u00f6zs\u00e9g \u00d6nkorm\u00e1nyzata K\u00e9pvisel\u0151-test\u00fclet\u00e9nek 16\/2013. (XI. 11.) \u00f6nkorm\u00e1nyzati rendelet\u00e9nek m\u00f3dos\u00edt\u00e1sa a helyi ad\u00f3kr\u00f3l 2025.01.01. napj\u00e1val hat\u00e1lyba l\u00e9pett. A<\/p>\n","protected":false},"author":38,"featured_media":0,"comment_status":"closed","ping_status":"closed","sticky":false,"template":"","format":"standard","meta":{"_sitemap_exclude":false,"_sitemap_priority":"","_sitemap_frequency":"","footnotes":""},"categories":[50,41],"tags":[],"class_list":["post-23385","post","type-post","status-publish","format-standard","hentry","category-helyi-adok","category-hirek"],"_links":{"self":[{"href":"https:\/\/esztar.hu\/index.php?rest_route=\/wp\/v2\/posts\/23385","targetHints":{"allow":["GET"]}}],"collection":[{"href":"https:\/\/esztar.hu\/index.php?rest_route=\/wp\/v2\/posts"}],"about":[{"href":"https:\/\/esztar.hu\/index.php?rest_route=\/wp\/v2\/types\/post"}],"author":[{"embeddable":true,"href":"https:\/\/esztar.hu\/index.php?rest_route=\/wp\/v2\/users\/38"}],"replies":[{"embeddable":true,"href":"https:\/\/esztar.hu\/index.php?rest_route=%2Fwp%2Fv2%2Fcomments&post=23385"}],"version-history":[{"count":6,"href":"https:\/\/esztar.hu\/index.php?rest_route=\/wp\/v2\/posts\/23385\/revisions"}],"predecessor-version":[{"id":23400,"href":"https:\/\/esztar.hu\/index.php?rest_route=\/wp\/v2\/posts\/23385\/revisions\/23400"}],"wp:attachment":[{"href":"https:\/\/esztar.hu\/index.php?rest_route=%2Fwp%2Fv2%2Fmedia&parent=23385"}],"wp:term":[{"taxonomy":"category","embeddable":true,"href":"https:\/\/esztar.hu\/index.php?rest_route=%2Fwp%2Fv2%2Fcategories&post=23385"},{"taxonomy":"post_tag","embeddable":true,"href":"https:\/\/esztar.hu\/index.php?rest_route=%2Fwp%2Fv2%2Ftags&post=23385"}],"curies":[{"name":"wp","href":"https:\/\/api.w.org\/{rel}","templated":true}]}}