{"id":22812,"date":"2024-08-27T14:12:50","date_gmt":"2024-08-27T12:12:50","guid":{"rendered":"https:\/\/esztar.hu\/?p=22812"},"modified":"2025-04-04T09:23:08","modified_gmt":"2025-04-04T07:23:08","slug":"sajtokozlemeny-elheto-telepulesek-fejlesztese-esztaron-top_plusz-1-2-1-21-hb1-2022-00009","status":"publish","type":"post","link":"https:\/\/esztar.hu\/?p=22812","title":{"rendered":"Sajt\u00f3k\u00f6zlem\u00e9ny &#8211; \u00c9lhet\u0151 telep\u00fcl\u00e9sek fejleszt\u00e9se Eszt\u00e1ron \u2013 TOP_PLUSZ-1.2.1-21-HB1-2022-00009"},"content":{"rendered":"<div class=\"wp-block-image\"><a href=\"https:\/\/esztar.hu\/wp-content\/uploads\/2022\/10\/TOp-Plusz-Logo.jpg\"><img fetchpriority=\"high\" decoding=\"async\" class=\"wpa-warning wpa-image-missing-alt alignnone  wp-image-23560\" src=\"https:\/\/esztar.hu\/wp-content\/uploads\/2022\/10\/TOp-Plusz-Logo.jpg\" alt=\"\" width=\"532\" height=\"152\" data-warning=\"Missing alt text\" srcset=\"https:\/\/esztar.hu\/wp-content\/uploads\/2022\/10\/TOp-Plusz-Logo.jpg 1737w, https:\/\/esztar.hu\/wp-content\/uploads\/2022\/10\/TOp-Plusz-Logo-768x219.jpg 768w, https:\/\/esztar.hu\/wp-content\/uploads\/2022\/10\/TOp-Plusz-Logo-1536x439.jpg 1536w, https:\/\/esztar.hu\/wp-content\/uploads\/2022\/10\/TOp-Plusz-Logo-18x5.jpg 18w\" sizes=\"(max-width: 532px) 100vw, 532px\" \/><\/a><\/div>\n<p>&nbsp;<\/p>\n<p style=\"text-align: center;\"><strong>Sajt\u00f3k\u00f6zlem\u00e9ny<\/strong><\/p>\n<p style=\"text-align: center;\">\u00c9lhet\u0151 telep\u00fcl\u00e9sek fejleszt\u00e9se Eszt\u00e1ron<\/p>\n<p style=\"text-align: center;\">TOP_PLUSZ-1.2.1-21-HB1-2022-00009<\/p>\n<p style=\"text-align: center;\">2024.08.27.<\/p>\n<p>&nbsp;<\/p>\n<p>&nbsp;<\/p>\n<p><strong>Eszt\u00e1r K\u00f6zs\u00e9g \u00d6nkorm\u00e1nyzata a TOP_PLUSZ-1.2.1-21 \u201e\u00c9lhet\u0151 telep\u00fcl\u00e9sek\u201d c\u00edm\u0171 p\u00e1ly\u00e1zati felh\u00edv\u00e1s C) K\u00f6z\u00f6ss\u00e9gi, kultur\u00e1lis, sportol\u00e1si infrastrukt\u00fara, IKT \u00e9s okos telep\u00fcl\u00e9si fejleszt\u00e9sek tev\u00e9kenys\u00e9gi ter\u00fclet\u00e9re sikeres t\u00e1mogat\u00e1si k\u00e9relmet ny\u00fajtott be \u00e9s 79 milli\u00f3 forint vissza nem t\u00e9r\u00edtend\u0151 t\u00e1mogat\u00e1sban r\u00e9szes\u00fclt. A projekt a Ter\u00fclet- \u00e9s Telep\u00fcl\u00e9sfejleszt\u00e9si Operat\u00edv Program Plusz keret\u00e9ben ker\u00fcl megval\u00f3s\u00edt\u00e1sra, melynek forr\u00e1s\u00e1t az Eur\u00f3pai Region\u00e1lis Fejleszt\u00e9si Alap \u00e9s Magyarorsz\u00e1g k\u00f6lts\u00e9gvet\u00e9se t\u00e1rsfinansz\u00edroz\u00e1sban biztos\u00edtja.<\/strong><\/p>\n<p>&nbsp;<\/p>\n<p><strong>Projekt c\u00edme:<\/strong> \u00c9lhet\u0151 telep\u00fcl\u00e9sek fejleszt\u00e9se Eszt\u00e1ron<\/p>\n<p><strong>Kedvezm\u00e9nyezett neve:<\/strong> ESZT\u00c1R K\u00d6ZS\u00c9G \u00d6NKORM\u00c1NYZATA<\/p>\n<p><strong>Projekt azonos\u00edt\u00f3ja:<\/strong> TOP_PLUSZ-1.2.1-21-HB1-2022-00009<\/p>\n<p><strong>T\u00e1mogat\u00e1s \u00f6sszege:<\/strong> 79.000.000 Ft<\/p>\n<p><strong>T\u00e1mogat\u00e1s m\u00e9rt\u00e9ke:<\/strong>\u00a0100%<\/p>\n<p><strong>Operat\u00edv program:<\/strong> Ter\u00fclet- \u00e9s Telep\u00fcl\u00e9sfejleszt\u00e9si Operat\u00edv Program Plusz<\/p>\n<p><strong>A projekt megval\u00f3s\u00edt\u00e1si id\u0151szaka:<\/strong> 2022.10.14.- 2024.12.31.<\/p>\n<p>&nbsp;<\/p>\n<p><strong>A projekt c\u00e9lja \u00e9s v\u00e1rhat\u00f3 eredm\u00e9nyei:<\/strong> Az \u201e\u00c9lhet\u0151 telep\u00fcl\u00e9sek fejleszt\u00e9se Eszt\u00e1ron\u201d c\u00edm\u0171 projekt a f\u0151t\u00e9ri, k\u00f6zponti ter\u00fcletek egys\u00e9ges arculat\u00e1nak kialak\u00edt\u00e1s\u00e1t, meg\u00faj\u00edt\u00e1s\u00e1t \u00e9s kialak\u00edt\u00e1s\u00e1t tartalmazza. A fejleszt\u00e9si c\u00e9lja, hogy olyan projektek val\u00f3suljanak meg ami hozz\u00e1j\u00e1rul a fiatalok helyben marad\u00e1s\u00e1hoz, valamint a telep\u00fcl\u00e9sek \u00e1ltal\u00e1nos k\u00f6rnyezeti \u00e1llapot\u00e1t is jav\u00edtj\u00e1k. A tervezett projekt keret\u00e9ben a telep\u00fcl\u00e9sen, olyan k\u00f6z\u00f6ss\u00e9gi c\u00e9l\u00fa fejleszt\u00e9s val\u00f3sul meg, ami lehet\u0151s\u00e9get biztos\u00edt az id\u0151sebb \u00e9s a fiatal lakosok szabadidej\u00e9nek hasznos elt\u00f6lt\u00e9s\u00e9hez. A tervezett fejleszt\u00e9s biztos\u00edthatja a telep\u00fcl\u00e9s lak\u00f3i sz\u00e1m\u00e1ra a k\u00f6z\u00f6s kultur\u00e1lis \u00e9s sz\u00f3rakoz\u00e1si lehet\u0151s\u00e9geket, ez\u00e1ltal hozz\u00e1j\u00e1rulva a fiatalok helyben marad\u00e1s\u00e1nak \u00f6szt\u00f6nz\u00e9s\u00e9hez. A projekt c\u00e9lcsoportja a telep\u00fcl\u00e9s lakoss\u00e1ga.<\/p>\n<p>A fejleszt\u00e9s sor\u00e1n az al\u00e1bbi tervezett eredm\u00e9nyek val\u00f3sulnak meg: \u00faj funkci\u00f3k, berendez\u00e9sek, amelyek hosszabb szabadid\u0151 t\u00f6lt\u00e9st biztos\u00edthatnak a telep\u00fcl\u00e9sen \u00e9l\u0151k sz\u00e1m\u00e1ra. A K\u00f6z\u00f6ss\u00e9gi Sz\u00ednt\u00e9r el\u0151tti t\u00e9ren szervezett programok megtart\u00e1s\u00e1nak biztos\u00edt\u00e1sa, valamint k\u00fclt\u00e9ri j\u00e1t\u00e9k lehet\u0151s\u00e9g\u00e9nek megteremt\u00e9se, kieg\u00e9sz\u00edtve az \u00e9p\u00fcletek k\u00f6rnyezet\u00e9nek rendez\u00e9s\u00e9vel, parkos\u00edt\u00e1s\u00e1val. A t\u00e9ralak\u00edt\u00e1s meghat\u00e1roz\u00f3 eleme a z\u00f6ldfel\u00fcleti fejleszt\u00e9s, amely sor\u00e1n a kor\u00e1bban elt\u00e1vol\u00edtott megl\u00e9v\u0151, be\u00f6regedett n\u00f6v\u00e9ny\u00e1llom\u00e1ny h\u00e1romszintesen \u00fajfent be\u00fcltet\u00e9sre, kialak\u00edt\u00e1sra ker\u00fcl.<\/p>\n<p><strong>Tov\u00e1bbi inform\u00e1ci\u00f3 k\u00e9rhet\u0151:<\/strong><\/p>\n<p>Eszt\u00e1r K\u00f6zs\u00e9g \u00d6nkorm\u00e1nyzata<\/p>\n<p>(Telefonsz\u00e1m: +36 (54) 414-808, e-mail: <a href=\"mailto:esztarph@gmail.com\">esztarph@gmail.com<\/a>, weboldal: <a href=\"http:\/\/www.esztar.hu\">www.esztar.hu<\/a>)<\/p>\n<p>&nbsp;<\/p>\n<p><strong>A sajt\u00f3k\u00f6zlem\u00e9ny az al\u00e1bbi linkr\u0151l let\u00f6lthet\u0151:<\/strong><\/p>\n<p><a href=\"https:\/\/esztar.hu\/wp-content\/uploads\/2024\/08\/Sajtokozlemeny-Elheto-telepulesek-Esztar-telepulesen-2.pdf\">Sajtokozlemeny &#8211; \u00c9lhet\u0151 telep\u00fcl\u00e9sek Eszt\u00e1r telep\u00fcl\u00e9sen<\/a><\/p>\n","protected":false},"excerpt":{"rendered":"<p>&nbsp; Sajt\u00f3k\u00f6zlem\u00e9ny \u00c9lhet\u0151 telep\u00fcl\u00e9sek fejleszt\u00e9se Eszt\u00e1ron TOP_PLUSZ-1.2.1-21-HB1-2022-00009 2024.08.27. &nbsp; &nbsp; Eszt\u00e1r K\u00f6zs\u00e9g \u00d6nkorm\u00e1nyzata a TOP_PLUSZ-1.2.1-21 \u201e\u00c9lhet\u0151 telep\u00fcl\u00e9sek\u201d c\u00edm\u0171 p\u00e1ly\u00e1zati felh\u00edv\u00e1s C) K\u00f6z\u00f6ss\u00e9gi, kultur\u00e1lis, sportol\u00e1si infrastrukt\u00fara, IKT \u00e9s okos telep\u00fcl\u00e9si fejleszt\u00e9sek tev\u00e9kenys\u00e9gi ter\u00fclet\u00e9re sikeres t\u00e1mogat\u00e1si k\u00e9relmet ny\u00fajtott be \u00e9s 79 milli\u00f3 forint vissza nem t\u00e9r\u00edtend\u0151 t\u00e1mogat\u00e1sban r\u00e9szes\u00fclt. A projekt a Ter\u00fclet- \u00e9s Telep\u00fcl\u00e9sfejleszt\u00e9si Operat\u00edv Program Plusz<\/p>\n","protected":false},"author":7,"featured_media":0,"comment_status":"closed","ping_status":"closed","sticky":false,"template":"","format":"standard","meta":{"_sitemap_exclude":false,"_sitemap_priority":"","_sitemap_frequency":"","footnotes":""},"categories":[58],"tags":[],"class_list":["post-22812","post","type-post","status-publish","format-standard","hentry","category-palyazatok"],"_links":{"self":[{"href":"https:\/\/esztar.hu\/index.php?rest_route=\/wp\/v2\/posts\/22812","targetHints":{"allow":["GET"]}}],"collection":[{"href":"https:\/\/esztar.hu\/index.php?rest_route=\/wp\/v2\/posts"}],"about":[{"href":"https:\/\/esztar.hu\/index.php?rest_route=\/wp\/v2\/types\/post"}],"author":[{"embeddable":true,"href":"https:\/\/esztar.hu\/index.php?rest_route=\/wp\/v2\/users\/7"}],"replies":[{"embeddable":true,"href":"https:\/\/esztar.hu\/index.php?rest_route=%2Fwp%2Fv2%2Fcomments&post=22812"}],"version-history":[{"count":4,"href":"https:\/\/esztar.hu\/index.php?rest_route=\/wp\/v2\/posts\/22812\/revisions"}],"predecessor-version":[{"id":23565,"href":"https:\/\/esztar.hu\/index.php?rest_route=\/wp\/v2\/posts\/22812\/revisions\/23565"}],"wp:attachment":[{"href":"https:\/\/esztar.hu\/index.php?rest_route=%2Fwp%2Fv2%2Fmedia&parent=22812"}],"wp:term":[{"taxonomy":"category","embeddable":true,"href":"https:\/\/esztar.hu\/index.php?rest_route=%2Fwp%2Fv2%2Fcategories&post=22812"},{"taxonomy":"post_tag","embeddable":true,"href":"https:\/\/esztar.hu\/index.php?rest_route=%2Fwp%2Fv2%2Ftags&post=22812"}],"curies":[{"name":"wp","href":"https:\/\/api.w.org\/{rel}","templated":true}]}}