{"id":22750,"date":"2022-10-27T14:32:45","date_gmt":"2022-10-27T12:32:45","guid":{"rendered":"https:\/\/esztar.hu\/?p=22750"},"modified":"2025-10-25T12:55:33","modified_gmt":"2025-10-25T10:55:33","slug":"elheto-telepulesek-fejlesztese-esztaron-top_plusz-1-2-1-21-hb1-2022-00009","status":"publish","type":"post","link":"https:\/\/esztar.hu\/?p=22750","title":{"rendered":"\u00c9lhet\u0151 telep\u00fcl\u00e9sek fejleszt\u00e9se Eszt\u00e1ron &#8211; TOP_PLUSZ-1.2.1-21-HB1-2022-00009"},"content":{"rendered":"<div class=\"wp-block-image\"><a href=\"https:\/\/esztar.hu\/wp-content\/uploads\/2022\/10\/TOp-Plusz-Logo.jpg\"><img fetchpriority=\"high\" decoding=\"async\" class=\"wpa-warning wpa-image-missing-alt alignnone wp-image-23560\" src=\"https:\/\/esztar.hu\/wp-content\/uploads\/2022\/10\/TOp-Plusz-Logo.jpg\" alt=\"\" width=\"430\" height=\"123\" data-warning=\"Missing alt text\" srcset=\"https:\/\/esztar.hu\/wp-content\/uploads\/2022\/10\/TOp-Plusz-Logo.jpg 1737w, https:\/\/esztar.hu\/wp-content\/uploads\/2022\/10\/TOp-Plusz-Logo-768x219.jpg 768w, https:\/\/esztar.hu\/wp-content\/uploads\/2022\/10\/TOp-Plusz-Logo-1536x439.jpg 1536w, https:\/\/esztar.hu\/wp-content\/uploads\/2022\/10\/TOp-Plusz-Logo-18x5.jpg 18w\" sizes=\"(max-width: 430px) 100vw, 430px\" \/><\/a><\/div>\n<p><strong style=\"color: var( --e-global-color-text ); font-family: var( --e-global-typography-text-font-family ), Sans-serif; letter-spacing: 0px; font-size: 19px;\">\u00a0<\/strong><strong style=\"color: var( --e-global-color-text ); font-family: var( --e-global-typography-text-font-family ), Sans-serif; letter-spacing: 0px; font-size: 19px;\">\u00a0<\/strong><\/p>\n<p style=\"text-align: center;\" align=\"center\">Eszt\u00e1r K\u00f6zs\u00e9gi \u00d6nkorm\u00e1nyzat<\/p>\n<p style=\"text-align: center;\" align=\"center\">TOP_PLUSZ 1.2.1-21-HB1-2022- 00009<\/p>\n<p style=\"text-align: center;\" align=\"center\">P\u00e1ly\u00e1zat c\u00edme<\/p>\n<p style=\"text-align: center; line-height: 150%;\" align=\"center\">\u00c9lhet\u0151 telep\u00fcl\u00e9sek fejleszt\u00e9se Eszt\u00e1ron<\/p>\n<p align=\"left\">\u00a0<b style=\"font-family: var( --e-global-typography-text-font-family ), Sans-serif; letter-spacing: 0px;\">P\u00e1ly\u00e1zati felh\u00edv\u00e1s k\u00f3dsz\u00e1ma:<\/b> TOP_PLUSZ-1.2.1-21-HB1-2022-00009<\/p>\n<p style=\"line-height: 115%;\" align=\"left\"><b>P\u00e1ly\u00e1z\u00f3 szervezet neve, c\u00edme:<\/b> ESZT\u00c1R K\u00d6ZS\u00c9G \u00d6NKORM\u00c1NYZATA<\/p>\n<p style=\"line-height: 115%;\" align=\"left\"><b>P\u00e1ly\u00e1zat c\u00edme:<\/b> \u00c9lhet\u0151 telep\u00fcl\u00e9sek fejleszt\u00e9se Eszt\u00e1ron<\/p>\n<p style=\"line-height: 115%;\" align=\"left\"><b>P\u00e1ly\u00e1zat \u00f6sszege: <\/b>79\u00a0000 000 Ft<b><\/b><\/p>\n<p align=\"left\"><b>P\u00e1ly\u00e1zat befejez\u00e9si hat\u00e1rideje:<\/b> 2024.12.31.<\/p>\n<p style=\"line-height: 115%;\" align=\"left\"><b>T\u00e1mogat\u00e1s intenzit\u00e1sa: <\/b>100%<\/p>\n<p style=\"line-height: 150%;\">A Felh\u00edv\u00e1s egyik kiemelt c\u00e9lja, hogy olyan projektek val\u00f3suljanak meg ami hozz\u00e1j\u00e1rul a fiatalok helyben marad\u00e1s\u00e1hoz, valamint a telep\u00fcl\u00e9sek \u00e1ltal\u00e1nos k\u00f6rnyezeti \u00e1llapot\u00e1t is jav\u00edtj\u00e1k. A tervezett projekt keret\u00e9ben a telep\u00fcl\u00e9sen, olyan k\u00f6z\u00f6ss\u00e9gi c\u00e9l\u00fa fejleszt\u00e9s val\u00f3sul meg, ami lehet\u0151s\u00e9get biztos\u00edt az id\u0151sebb \u00e9s a fiatal lakosok szabadidej\u00e9nek hasznos elt\u00f6lt\u00e9s\u00e9hez. A tervezett fejleszt\u00e9s biztos\u00edthatja a telep\u00fcl\u00e9s lak\u00f3i sz\u00e1m\u00e1ra a k\u00f6z\u00f6s kultur\u00e1lis \u00e9s sz\u00f3rakoz\u00e1si lehet\u0151s\u00e9geket, ez\u00e1ltal hozz\u00e1j\u00e1rulva a fiatalok helyben marad\u00e1s\u00e1nak \u00f6szt\u00f6nz\u00e9s\u00e9hez. A projekt c\u00e9lcsoportja a telep\u00fcl\u00e9s lakoss\u00e1ga. Meg\u00e1llap\u00edthat\u00f3 teh\u00e1t, hogy a tervezett fejleszt\u00e9s teljes eg\u00e9sz\u00e9ben illeszkedik a p\u00e1ly\u00e1zati felh\u00edv\u00e1sban megfogalmazott c\u00e9lokhoz. Az \u00f6n\u00e1ll\u00f3an \u00e9s a v\u00e1laszthat\u00f3, \u00f6n\u00e1ll\u00f3an nem t\u00e1mogathat\u00f3 tev\u00e9kenys\u00e9gek mellett, a k\u00f6telez\u0151en megval\u00f3s\u00edtand\u00f3 tev\u00e9kenys\u00e9gek val\u00f3sulnak meg a projektben. A projekt nem tartalmaz nem t\u00e1mogathat\u00f3 tev\u00e9kenys\u00e9get. Az \u00f6nkorm\u00e1nyzat nem tartozik jelen felh\u00edv\u00e1s 1.2 pontja, valamint az \u00c1\u00dcF 21-27 dokumentumban meghat\u00e1rozott kiz\u00e1r\u00f3 okok al\u00e1. A projekt el\u0151k\u00e9sz\u00edt\u0151 tanulm\u00e1nyban bemutat\u00e1sra ker\u00fclt a tervezett fejleszt\u00e9s indokolts\u00e1ga, sz\u00fcks\u00e9gess\u00e9ge, a projekt r\u00e9szletes m\u0171szaki- szakmai tartalma, illetve a kiv\u00e1laszt\u00e1si \u00e9s ter\u00fcletspecifikus krit\u00e9riumoknak val\u00f3 megfelel\u00e9se.<\/p>\n<p style=\"line-height: 150%;\">\n<style>\/*! elementor - v3.23.0 - 15-07-2024 *\/<br \/>.elementor-widget-image{text-align:center}.elementor-widget-image a{display:inline-block}.elementor-widget-image a img[src$=\".svg\"]{width:48px}.elementor-widget-image img{vertical-align:middle;display:inline-block}<\/style>\n<\/p>\n<p><img decoding=\"async\" src=\"https:\/\/esztar.hu\/wp-content\/uploads\/2022\/10\/TOP_Plusz-121-21_Projekt-tabla-1_240827_184008-768x456.jpg\" sizes=\"(max-width: 768px) 100vw, 768px\" srcset=\"https:\/\/esztar.hu\/wp-content\/uploads\/2022\/10\/TOP_Plusz-121-21_Projekt-tabla-1_240827_184008-768x456.jpg 768w, https:\/\/esztar.hu\/wp-content\/uploads\/2022\/10\/TOP_Plusz-121-21_Projekt-tabla-1_240827_184008-18x12.jpg 18w\" alt=\"\" width=\"768\" height=\"456\" \/><\/p>\n","protected":false},"excerpt":{"rendered":"<p>\u00a0\u00a0 Eszt\u00e1r K\u00f6zs\u00e9gi \u00d6nkorm\u00e1nyzat TOP_PLUSZ 1.2.1-21-HB1-2022- 00009 P\u00e1ly\u00e1zat c\u00edme \u00c9lhet\u0151 telep\u00fcl\u00e9sek fejleszt\u00e9se Eszt\u00e1ron \u00a0P\u00e1ly\u00e1zati felh\u00edv\u00e1s k\u00f3dsz\u00e1ma: TOP_PLUSZ-1.2.1-21-HB1-2022-00009 P\u00e1ly\u00e1z\u00f3 szervezet neve, c\u00edme: ESZT\u00c1R K\u00d6ZS\u00c9G \u00d6NKORM\u00c1NYZATA P\u00e1ly\u00e1zat c\u00edme: \u00c9lhet\u0151 telep\u00fcl\u00e9sek fejleszt\u00e9se Eszt\u00e1ron P\u00e1ly\u00e1zat \u00f6sszege: 79\u00a0000 000 Ft P\u00e1ly\u00e1zat befejez\u00e9si hat\u00e1rideje: 2024.12.31. T\u00e1mogat\u00e1s intenzit\u00e1sa: 100% A Felh\u00edv\u00e1s egyik kiemelt c\u00e9lja, hogy olyan projektek val\u00f3suljanak meg ami hozz\u00e1j\u00e1rul a<\/p>\n","protected":false},"author":7,"featured_media":0,"comment_status":"closed","ping_status":"closed","sticky":false,"template":"","format":"standard","meta":{"_sitemap_exclude":false,"_sitemap_priority":"","_sitemap_frequency":"","footnotes":""},"categories":[114,58],"tags":[],"class_list":["post-22750","post","type-post","status-publish","format-standard","hentry","category-elheto-telepulesek-fejlesztese-esztaron","category-palyazatok"],"_links":{"self":[{"href":"https:\/\/esztar.hu\/index.php?rest_route=\/wp\/v2\/posts\/22750","targetHints":{"allow":["GET"]}}],"collection":[{"href":"https:\/\/esztar.hu\/index.php?rest_route=\/wp\/v2\/posts"}],"about":[{"href":"https:\/\/esztar.hu\/index.php?rest_route=\/wp\/v2\/types\/post"}],"author":[{"embeddable":true,"href":"https:\/\/esztar.hu\/index.php?rest_route=\/wp\/v2\/users\/7"}],"replies":[{"embeddable":true,"href":"https:\/\/esztar.hu\/index.php?rest_route=%2Fwp%2Fv2%2Fcomments&post=22750"}],"version-history":[{"count":23,"href":"https:\/\/esztar.hu\/index.php?rest_route=\/wp\/v2\/posts\/22750\/revisions"}],"predecessor-version":[{"id":24284,"href":"https:\/\/esztar.hu\/index.php?rest_route=\/wp\/v2\/posts\/22750\/revisions\/24284"}],"wp:attachment":[{"href":"https:\/\/esztar.hu\/index.php?rest_route=%2Fwp%2Fv2%2Fmedia&parent=22750"}],"wp:term":[{"taxonomy":"category","embeddable":true,"href":"https:\/\/esztar.hu\/index.php?rest_route=%2Fwp%2Fv2%2Fcategories&post=22750"},{"taxonomy":"post_tag","embeddable":true,"href":"https:\/\/esztar.hu\/index.php?rest_route=%2Fwp%2Fv2%2Ftags&post=22750"}],"curies":[{"name":"wp","href":"https:\/\/api.w.org\/{rel}","templated":true}]}}