{"id":22073,"date":"2024-03-27T18:59:14","date_gmt":"2024-03-27T17:59:14","guid":{"rendered":"https:\/\/esztar.hu\/?p=22073"},"modified":"2024-05-27T08:59:37","modified_gmt":"2024-05-27T06:59:37","slug":"valasztopolgaroknak","status":"publish","type":"post","link":"https:\/\/esztar.hu\/?p=22073","title":{"rendered":"V\u00e1laszt\u00f3polg\u00e1roknak"},"content":{"rendered":"<p><strong>Magyarorsz\u00e1gi lakc\u00edmmel rendelkez\u0151 v\u00e1laszt\u00f3polg\u00e1rk\u00e9nt \u00f6n k\u00e9relmet ny\u00fajthat be egy adott v\u00e1laszt\u00e1shoz kapcsol\u00f3d\u00f3an, vagy ig\u00e9nybe veheti a folyamatosan beny\u00fajthat\u00f3 k\u00e9relmeket. A folyamatosan beny\u00fajthat\u00f3 k\u00e9relmek azt\u00e1n a soron k\u00f6vetkez\u0151 v\u00e1laszt\u00e1sok mindegyik\u00e9re \u00e9rv\u00e9nyesek lesznek, am\u00edg nem m\u00f3dos\u00edtja vagy t\u00f6rli ezeket.<\/strong><\/p>\n<p><strong>\u00a0<\/strong><\/p>\n<p><strong>Kit\u0171z\u00f6tt\u00a0v\u00e1laszt\u00e1sokhoz beny\u00fajthat\u00f3 k\u00e9relmek\u00a0<\/strong><\/p>\n<p>Ilyen k\u00e9relmet\u00a0csak akkor tud beny\u00fajtani, ha van kit\u0171z\u00f6tt v\u00e1laszt\u00e1s, amelyen haszn\u00e1lhat\u00f3.\u00a0A k\u00e9relem csak egy v\u00e1laszt\u00e1sra &#8211; ha egy napon t\u00f6bb v\u00e1laszt\u00e1st is tartanak, akkor az aznap megtartott v\u00e1laszt\u00e1sokra &#8211; sz\u00f3l.<\/p>\n<p><strong>Mozg\u00f3urna ig\u00e9nyl\u00e9se<\/strong><\/p>\n<ul>\n<li><strong>Mozg\u00f3urna ig\u00e9nyl\u00e9se az eur\u00f3pai parlamenti, a helyi \u00f6nkorm\u00e1nyzati, a nemzetis\u00e9gi \u00f6nkorm\u00e1nyzati \u00e1ltal\u00e1nos v\u00e1laszt\u00e1son, az id\u0151k\u00f6zi helyi \u00f6nkorm\u00e1nyzati v\u00e1laszt\u00e1son, a helyi n\u00e9pszavaz\u00e1son<\/strong><br \/>\n(t\u00e1j\u00e9koztat\u00f3 megtekint\u00e9se\u00a0<a href=\"https:\/\/www.valasztas.hu\/mozgourna-igenylese\"><strong>a beny\u00fajt\u00e1s szab\u00e1lyair\u00f3l<\/strong><\/a>)<\/p>\n<ul>\n<li><a href=\"https:\/\/mo.hu\/szuf_ugyleiras?id=f5c8ad10-c550-4f5c-833f-25338c6cf054&amp;_n=mozgourna_igenylese_az_europai_parlamenti__a_helyi_onkormanyzati__a_nemzetisegi_onkormanyzati_altalanos_valasztason__az_idokozi_helyi_onkormanyzati_valasztason__a_helyi_nepszavazason\"><strong>K\u00e9relem beny\u00fajt\u00e1sa online<\/strong><\/a><\/li>\n<li><a href=\"https:\/\/www.valasztas.hu\/documents\/20182\/6162351\/Mozg%C3%B3urna+ig%C3%A9nyl%C3%A9se.pdf\/652a9cc0-393d-9ff9-c664-b30fd4a0402a\"><strong>K\u00e9relem beny\u00fajt\u00e1sa pap\u00edr alapon (szem\u00e9lyesen vagy k\u00e9zbes\u00edt\u00e9si meghatalmazott \u00fatj\u00e1n)<\/strong><\/a><\/li>\n<\/ul>\n<\/li>\n<\/ul>\n<p><strong>\u00c1tjelentkez\u00e9s belf\u00f6ld\u00f6n<\/strong><\/p>\n<ul>\n<li><strong>\u00c1tjelentkez\u00e9s az eur\u00f3pai parlamenti, a helyi \u00f6nkorm\u00e1nyzati, a nemzetis\u00e9gi \u00f6nkorm\u00e1nyzati \u00e1ltal\u00e1nos v\u00e1laszt\u00e1son, az id\u0151k\u00f6zi helyi \u00f6nkorm\u00e1nyzati v\u00e1laszt\u00e1son, a helyi n\u00e9pszavaz\u00e1son<\/strong><br \/>\n(t\u00e1j\u00e9koztat\u00f3 megtekint\u00e9se\u00a0<a href=\"https:\/\/www.valasztas.hu\/atjelentkezesi-kerelem-benyujtasa\"><strong>a beny\u00fajt\u00e1s szab\u00e1lyair\u00f3l<\/strong><\/a>)<\/p>\n<ul>\n<li><a href=\"https:\/\/mo.hu\/szuf_ugyleiras?id=953f824b-c0f9-4eb9-851c-29fad42ee06f&amp;_n=atjelentkezes_az_europai_parlamenti__a_helyi_onkormanyzati__a_nemzetisegi_onkormanyzati_altalanos_valasztason__az_idokozi_helyi_onkormanyzati_valasztason__a_helyi_nepszavazason\"><strong>K\u00e9relem beny\u00fajt\u00e1sa online<\/strong><\/a><\/li>\n<li><a href=\"https:\/\/www.valasztas.hu\/documents\/20182\/6162351\/%C3%81tjelentkez%C3%A9si+k%C3%A9relem.pdf\/76d47901-d7a0-77b2-247e-9d89c0c84a43\"><strong>K\u00e9relem beny\u00fajt\u00e1sa pap\u00edr alapon (szem\u00e9lyesen vagy k\u00e9zbes\u00edt\u00e9si meghatalmazott \u00fatj\u00e1n)<\/strong><\/a>\u00a0az eur\u00f3pai parlamenti \u00e1ltal\u00e1nos v\u00e1laszt\u00e1son<\/li>\n<li><a href=\"https:\/\/www.valasztas.hu\/documents\/20182\/6162351\/%C3%81tjelentkez%C3%A9si+k%C3%A9relem+2024_ONK_NEMZ_HNSZ_F.pdf\/58b369ec-ae80-610e-96a5-940e5cedd97f?version=1.1&amp;t=1708609965414\"><strong>K\u00e9relem beny\u00fajt\u00e1sa pap\u00edr alapon (szem\u00e9lyesen vagy k\u00e9zbes\u00edt\u00e9si meghatalmazott \u00fatj\u00e1n)<\/strong><\/a>\u00a0a helyi \u00f6nkorm\u00e1nyzati, a nemzetis\u00e9gi \u00f6nkorm\u00e1nyzati \u00e1ltal\u00e1nos v\u00e1laszt\u00e1son, az id\u0151k\u00f6zi helyi \u00f6nkorm\u00e1nyzati v\u00e1laszt\u00e1son, a helyi n\u00e9pszavaz\u00e1son<\/li>\n<\/ul>\n<\/li>\n<\/ul>\n<p><strong>K\u00fclk\u00e9pviseleti n\u00e9vjegyz\u00e9kbe v\u00e9tel<\/strong><\/p>\n<ul>\n<li><strong>K\u00fclk\u00e9pviseleti n\u00e9vjegyz\u00e9kbe v\u00e9tel az Eur\u00f3pai Parlament tagjainak \u00e1ltal\u00e1nos v\u00e1laszt\u00e1s\u00e1n<\/strong><br \/>\n(t\u00e1j\u00e9koztat\u00f3 megtekint\u00e9se\u00a0<a href=\"https:\/\/www.valasztas.hu\/kulkepviseleti-nevjegyzekbe-veteli-iranti-kerelem-benyujtasanak-szabalyai\"><strong>a beny\u00fajt\u00e1s szab\u00e1lyair\u00f3l<\/strong><\/a>)<\/p>\n<ul>\n<li><a href=\"https:\/\/mo.hu\/szuf_ugyleiras?id=41f0bf8c-2199-4e45-8540-bec7e566814d&amp;_n=kulkepviseleti_nevjegyzekbe_vetel_az_europai_parlament_tagjainak_altalanos_valasztasan\"><strong>K\u00e9relem beny\u00fajt\u00e1sa online<\/strong><\/a><\/li>\n<li><a href=\"https:\/\/www.valasztas.hu\/documents\/20182\/6162351\/K%C3%BClk%C3%A9pviseleti+n%C3%A9vjegyz%C3%A9kbe+v%C3%A9tel+ir%C3%A1nti+k%C3%A9relem.pdf\/0733cedb-2845-e968-930a-eb52c76a43ab\"><strong>K\u00e9relem beny\u00fajt\u00e1sa pap\u00edr alapon (szem\u00e9lyesen vagy k\u00e9zbes\u00edt\u00e9si meghatalmazott \u00fatj\u00e1n)<\/strong><\/a><\/li>\n<\/ul>\n<\/li>\n<\/ul>\n<p><strong>\u00a0<\/strong><\/p>\n<p><strong>Folyamatosan (v\u00e1laszt\u00e1st\u00f3l f\u00fcggetlen\u00fcl) beny\u00fajthat\u00f3 k\u00e9relmek<\/strong><\/p>\n<p>Ilyen k\u00e9relmet\u00a0 v\u00e1laszt\u00e1sok k\u00f6z\u00f6tti id\u0151szakban is be lehet ny\u00fajtani.\u00a0A k\u00e9relem a beny\u00fajt\u00e1s\u00e1t k\u00f6vet\u0151en megtartott valamennyi v\u00e1laszt\u00e1sra sz\u00f3l, am\u00edg vissza nem vonja azt.<\/p>\n<ul>\n<li><strong>Nemzetis\u00e9gi n\u00e9vjegyz\u00e9kbe v\u00e9tel\/t\u00f6rl\u00e9s<\/strong><br \/>\n(t\u00e1j\u00e9koztat\u00f3 megtekint\u00e9se\u00a0<a href=\"https:\/\/www.valasztas.hu\/nemzetisegi-nevjegyzekbe-vetel-iranti-kerelem-benyujtasanak-szabalyai\"><strong>a beny\u00fajt\u00e1s szab\u00e1lyair\u00f3l<\/strong><\/a>)<\/p>\n<ul>\n<li><a href=\"https:\/\/magyarorszag.hu\/szuf_ugyleiras?id=eff738cc-8a42-4195-801d-56de56d47b45&amp;_n=nemzetisegi_nevjegyzekbe_vetel%2Ftorles_iranti_kerelem\"><strong>K\u00e9relem beny\u00fajt\u00e1sa online<\/strong><\/a><\/li>\n<li><a href=\"https:\/\/www.valasztas.hu\/documents\/20182\/6162351\/Nemzetis%C3%A9gi+n%C3%A9vjegyz%C3%A9ki+k%C3%A9relem.pdf\/cdfd1194-5bd6-6d90-aef2-d8f2ddd04589\"><strong>K\u00e9relem beny\u00fajt\u00e1sa pap\u00edr alapon (szem\u00e9lyesen vagy k\u00e9zbes\u00edt\u00e9si meghatalmazott \u00fatj\u00e1n)<\/strong><\/a><\/li>\n<\/ul>\n<\/li>\n<li><strong>Adatok v\u00e1laszt\u00e1si kamp\u00e1ny c\u00e9l\u00fa szolg\u00e1ltat\u00e1s\u00e1nak tilt\u00e1sa\/enged\u00e9lyez\u00e9se<\/strong><br \/>\n(t\u00e1j\u00e9koztat\u00f3 megtekint\u00e9se\u00a0<a href=\"https:\/\/www.valasztas.hu\/adatkiadas-megtagadasa-iranti-kerelem-benyujtasanak-szabalyai\"><strong>a beny\u00fajt\u00e1s szab\u00e1lyair\u00f3l<\/strong><\/a>)<\/p>\n<ul>\n<li><a href=\"https:\/\/mo.hu\/szuf_ugyleiras?id=04393aef-0a36-4b74-890b-d80eef197102&amp;_n=adatok_valasztasi_kampany_celu_szolgaltatasanak_tiltasa%2Fengedelyezese\"><strong>K\u00e9relem beny\u00fajt\u00e1sa online<\/strong><\/a><\/li>\n<li><a href=\"https:\/\/www.valasztas.hu\/documents\/20182\/6162351\/Szem%C3%A9lyes+adatok+kiad%C3%A1s%C3%A1nak+tilt%C3%A1sa.pdf\/1280f35a-f687-c94c-4048-a98184d062c2\"><strong>K\u00e9relem beny\u00fajt\u00e1sa pap\u00edr alapon (szem\u00e9lyesen vagy k\u00e9zbes\u00edt\u00e9si meghatalmazott \u00fatj\u00e1n)<\/strong><\/a><\/li>\n<\/ul>\n<\/li>\n<li><strong>Seg\u00edts\u00e9g a fogyat\u00e9koss\u00e1ggal \u00e9l\u0151k\u00a0szavaz\u00e1s\u00e1hoz<\/strong><br \/>\n(t\u00e1j\u00e9koztat\u00f3 megtekint\u00e9se\u00a0<a href=\"https:\/\/www.valasztas.hu\/segitseg-a-fogyatekossaggal-elok-szamara\"><strong>a beny\u00fajt\u00e1s szab\u00e1lyair\u00f3l<\/strong><\/a>)<\/p>\n<ul>\n<li><a href=\"https:\/\/mo.hu\/szuf_ugyleiras?id=9ce7c838-c5e1-4536-81d7-2a763e5e7baf&amp;_n=szavazasi_segitseg_iranti_kerelem_fogyatekossaggal_elok_szavazasahoz\"><strong>K\u00e9relem beny\u00fajt\u00e1sa online<\/strong><\/a><\/li>\n<li><a href=\"https:\/\/www.valasztas.hu\/documents\/20182\/6162351\/Seg%C3%ADts%C3%A9g+ig%C3%A9nyl%C3%A9se+a+v%C3%A1laszt%C3%B3jog+gyakorl%C3%A1s%C3%A1hoz.pdf\/aa0b18cc-cef9-f144-7766-2c133e39b112\"><strong>K\u00e9relem beny\u00fajt\u00e1sa pap\u00edr alapon (szem\u00e9lyesen vagy k\u00e9zbes\u00edt\u00e9si meghatalmazott \u00fatj\u00e1n)<\/strong><\/a><\/li>\n<\/ul>\n<\/li>\n<li><strong>M\u00e1s EU-s \u00e1llampolg\u00e1rok regisztr\u00e1ci\u00f3ja\/t\u00f6rl\u00e9se \u2013 az Eur\u00f3pai Parlament tagjainak v\u00e1laszt\u00e1s\u00e1ra\u00a0<\/strong>(t\u00e1j\u00e9koztat\u00f3 megtekint\u00e9se\u00a0<a href=\"https:\/\/www.valasztas.hu\/mas-eu-tagallam-polgarainak-nevjegyzekbe-vetele\"><strong>a beny\u00fajt\u00e1s szab\u00e1lyair\u00f3l<\/strong><\/a>)\n<ul>\n<li><a href=\"https:\/\/mo.hu\/szuf_ugyleiras?id=d03a1f20-9458-45a7-89e0-a8249903826b&amp;_n=mas_eu-tagallam_polgaranak_nevjegyzekbe_vetele%2Ftorlese_az_europai_parlament_tagjainak_valasztasara\"><strong>K\u00e9relem beny\u00fajt\u00e1sa online<\/strong><\/a><\/li>\n<li><a href=\"https:\/\/www.valasztas.hu\/documents\/20182\/6162351\/N%C3%A9vjegyz%C3%A9kbe+v%C3%A9tel-t%C3%B6rl%C3%A9s+ir%C3%A1nti+k%C3%A9relem+2024_eu+%C3%A1llampolg%C3%A1r.pdf\/f2444206-c49f-2188-c05c-ce2100ba4bf4\"><strong>K\u00e9relem beny\u00fajt\u00e1sa pap\u00edr alapon (szem\u00e9lyesen vagy k\u00e9zbes\u00edt\u00e9si meghatalmazott \u00fatj\u00e1n)<\/strong><\/a><\/li>\n<\/ul>\n<\/li>\n<li><strong>Igazol\u00e1s a v\u00e1laszt\u00f3jogr\u00f3l\u00a0<\/strong>(t\u00e1j\u00e9koztat\u00f3 megtekint\u00e9se\u00a0<a href=\"https:\/\/www.valasztas.hu\/igazolas-valasztojogrol\"><strong>a beny\u00fajt\u00e1s szab\u00e1lyair\u00f3l<\/strong><\/a>)\n<ul>\n<li><a href=\"https:\/\/mo.hu\/szuf_ugyleiras?id=5fe0ec4b-595b-4219-8af0-7e3a2e358a07&amp;_n=igazolas_valasztojogrol\"><strong>K\u00e9relem beny\u00fajt\u00e1sa online<\/strong><\/a><\/li>\n<li><a href=\"https:\/\/www.valasztas.hu\/documents\/20182\/6162351\/Hat%C3%B3s%C3%A1gi+bizony%C3%ADtv%C3%A1ny+ir%C3%A1nti+k%C3%A9relem.pdf\/05e1ec3a-0470-f616-7d82-860c4162684e\"><strong>K\u00e9relem beny\u00fajt\u00e1sa pap\u00edr alapon (szem\u00e9lyesen vagy k\u00e9zbes\u00edt\u00e9si meghatalmazott \u00fatj\u00e1n)<\/strong><\/a><\/li>\n<\/ul>\n<\/li>\n<li><strong>T\u00e1j\u00e9koztat\u00e1s a v\u00e1laszt\u00e1si informatikai rendszerben nyilv\u00e1ntartott adatokr\u00f3l\u00a0\u00a0<\/strong>(t\u00e1j\u00e9koztat\u00f3 megtekint\u00e9se\u00a0<a href=\"https:\/\/www.valasztas.hu\/nyilvantartott_adatok\"><strong>a beny\u00fajt\u00e1s szab\u00e1lyair\u00f3l<\/strong><\/a>)\n<ul>\n<li><a href=\"https:\/\/mo.hu\/szuf_ugyleiras?id=00098d5e-4fae-444d-8cf1-19641030e739&amp;_n=tajekoztatas_a_valasztasi_informatikai_rendszerben_nyilvantartott_adatokrol\"><strong>K\u00e9relem beny\u00fajt\u00e1sa online<\/strong><\/a><\/li>\n<li><a href=\"https:\/\/www.valasztas.hu\/documents\/20182\/6162351\/Hat%C3%B3s%C3%A1gi+bizony%C3%ADtv%C3%A1ny+ir%C3%A1nti+k%C3%A9relem+szem%C3%A9lyes+adatok.pdf\/6cfe7577-5fae-866e-89ab-ffb8d4b37220\"><strong>K\u00e9relem beny\u00fajt\u00e1sa pap\u00edr alapon (szem\u00e9lyesen vagy k\u00e9zbes\u00edt\u00e9si meghatalmazott \u00fatj\u00e1n)<\/strong><\/a><\/li>\n<\/ul>\n<\/li>\n<li><strong>Hat\u00e1rozatok a sorrendr\u0151l<\/strong><\/li>\n<\/ul>\n<p><strong><a href=\"https:\/\/esztar.hu\/wp-content\/uploads\/2024\/03\/Sorrendrol-egyeni-hatarozat-egyeni-kepviselo-Esztar.docx\">\u00a0 \u00a0 \u00a0 \u00a0 \u00a0 \u00a0 \u00a0 \u00a0 \u00a0 \u00a0 \u00a0 \u00a0Sorrendr\u0151l egy\u00e9ni hat\u00e1rozat egy\u00e9ni k\u00e9pvisel\u0151 Eszt\u00e1r<\/a><\/strong><\/p>\n<p><strong><a href=\"https:\/\/esztar.hu\/wp-content\/uploads\/2024\/03\/Sorrendrol-egyeni-hatarozat-roma.docx\">\u00a0 \u00a0 \u00a0 \u00a0 \u00a0 \u00a0 \u00a0 \u00a0 \u00a0 \u00a0 \u00a0 \u00a0Sorrendr\u0151l egy\u00e9ni hat\u00e1rozat roma<\/a><\/strong><\/p>\n","protected":false},"excerpt":{"rendered":"<p>Magyarorsz\u00e1gi lakc\u00edmmel rendelkez\u0151 v\u00e1laszt\u00f3polg\u00e1rk\u00e9nt \u00f6n k\u00e9relmet ny\u00fajthat be egy adott v\u00e1laszt\u00e1shoz kapcsol\u00f3d\u00f3an, vagy ig\u00e9nybe veheti a folyamatosan beny\u00fajthat\u00f3 k\u00e9relmeket. A folyamatosan beny\u00fajthat\u00f3 k\u00e9relmek azt\u00e1n a soron k\u00f6vetkez\u0151 v\u00e1laszt\u00e1sok mindegyik\u00e9re \u00e9rv\u00e9nyesek lesznek, am\u00edg nem m\u00f3dos\u00edtja vagy t\u00f6rli ezeket. \u00a0 Kit\u0171z\u00f6tt\u00a0v\u00e1laszt\u00e1sokhoz beny\u00fajthat\u00f3 k\u00e9relmek\u00a0 Ilyen k\u00e9relmet\u00a0csak akkor tud beny\u00fajtani, ha van kit\u0171z\u00f6tt v\u00e1laszt\u00e1s, amelyen haszn\u00e1lhat\u00f3.\u00a0A k\u00e9relem csak egy<\/p>\n","protected":false},"author":2,"featured_media":0,"comment_status":"closed","ping_status":"closed","sticky":false,"template":"","format":"standard","meta":{"_sitemap_exclude":false,"_sitemap_priority":"","_sitemap_frequency":"","footnotes":""},"categories":[97],"tags":[],"class_list":["post-22073","post","type-post","status-publish","format-standard","hentry","category-2024-evi-valasztasok"],"_links":{"self":[{"href":"https:\/\/esztar.hu\/index.php?rest_route=\/wp\/v2\/posts\/22073","targetHints":{"allow":["GET"]}}],"collection":[{"href":"https:\/\/esztar.hu\/index.php?rest_route=\/wp\/v2\/posts"}],"about":[{"href":"https:\/\/esztar.hu\/index.php?rest_route=\/wp\/v2\/types\/post"}],"author":[{"embeddable":true,"href":"https:\/\/esztar.hu\/index.php?rest_route=\/wp\/v2\/users\/2"}],"replies":[{"embeddable":true,"href":"https:\/\/esztar.hu\/index.php?rest_route=%2Fwp%2Fv2%2Fcomments&post=22073"}],"version-history":[{"count":7,"href":"https:\/\/esztar.hu\/index.php?rest_route=\/wp\/v2\/posts\/22073\/revisions"}],"predecessor-version":[{"id":22141,"href":"https:\/\/esztar.hu\/index.php?rest_route=\/wp\/v2\/posts\/22073\/revisions\/22141"}],"wp:attachment":[{"href":"https:\/\/esztar.hu\/index.php?rest_route=%2Fwp%2Fv2%2Fmedia&parent=22073"}],"wp:term":[{"taxonomy":"category","embeddable":true,"href":"https:\/\/esztar.hu\/index.php?rest_route=%2Fwp%2Fv2%2Fcategories&post=22073"},{"taxonomy":"post_tag","embeddable":true,"href":"https:\/\/esztar.hu\/index.php?rest_route=%2Fwp%2Fv2%2Ftags&post=22073"}],"curies":[{"name":"wp","href":"https:\/\/api.w.org\/{rel}","templated":true}]}}