{"id":17666,"date":"2018-09-21T10:45:34","date_gmt":"2018-09-21T08:45:34","guid":{"rendered":"https:\/\/esztar.hu\/2018\/09\/21\/az-esztari-epreskert-ovoda-szolgaltatasainak-minosegi-fejlesztese-uj-eszkozok-fedett-terasz-es-parkolo-kialakitasaval\/"},"modified":"2018-09-21T10:45:34","modified_gmt":"2018-09-21T08:45:34","slug":"az-esztari-epreskert-ovoda-szolgaltatasainak-minosegi-fejlesztese-uj-eszkozok-fedett-terasz-es-parkolo-kialakitasaval","status":"publish","type":"post","link":"https:\/\/esztar.hu\/?p=17666","title":{"rendered":"AZ ESZT\u00c1RI EPRESKERT \u00d3VODA SZOLG\u00c1LTAT\u00c1SAINAK MIN\u0150S\u00c9GI FEJLESZT\u00c9SE \u00daJ ESZK\u00d6Z\u00d6K, FEDETT TERASZ \u00c9S PARKOL\u00d3 KIALAK\u00cdT\u00c1S\u00c1VAL"},"content":{"rendered":"<div>\n\t<img fetchpriority=\"high\" decoding=\"async\" class=\" size-full wp-image-17665\" alt=\"\" src=\"https:\/\/esztar.hu\/wp-content\/uploads\/2018\/09\/szechenyi2020regfej.jpg\" style=\"width: 300px; height: 137px;\" width=\"827\" height=\"379\" srcset=\"https:\/\/esztar.hu\/wp-content\/uploads\/2018\/09\/szechenyi2020regfej.jpg 827w, https:\/\/esztar.hu\/wp-content\/uploads\/2018\/09\/szechenyi2020regfej-768x352.jpg 768w\" sizes=\"(max-width: 827px) 100vw, 827px\" \/><\/div>\n<div>\n<div>\n\t\tEszt&aacute;r K&ouml;zs&eacute;g &Ouml;nkorm&aacute;nyzata p&aacute;ly&aacute;zatot nyert &bdquo;Az Eszt&aacute;ri Epreskert &Oacute;voda<\/div>\n<div>\n\t\tszolg&aacute;ltat&aacute;sainak min\u0151s&eacute;gi fejleszt&eacute;se &uacute;j eszk&ouml;z&ouml;k, fedett terasz &eacute;s parkol&oacute;<\/div>\n<div>\n\t\tkialak&iacute;t&aacute;s&aacute;val&rdquo; c&iacute;mmel.<\/div>\n<div>\n\t\t&nbsp;<\/div>\n<div>\n\t\tA projekt c&eacute;lja &#8211; &ouml;sszhangban a felh&iacute;v&aacute;s c&eacute;lj&aacute;val- az &oacute;vodai ell&aacute;t&aacute;shoz val&oacute; hozz&aacute;f&eacute;r&eacute;s<\/div>\n<div>\n\t\tjav&iacute;t&aacute;s&aacute;nak &eacute;s a szolg&aacute;ltat&aacute;s min\u0151s&eacute;gi fejleszt&eacute;s&eacute;nek megval&oacute;s&iacute;t&aacute;sa, a gyermekell&aacute;t&oacute;<\/div>\n<div>\n\t\tkapacit&aacute;sok fejleszt&eacute;se, a gyermeket v&aacute;llal&oacute;k foglalkoztathat&oacute;s&aacute;ga &eacute;rdek&eacute;ben a kisgyermekes<\/div>\n<div>\n\t\tsz&uuml;l\u0151k munkaer\u0151 piacra t&ouml;rt&eacute;n\u0151 visszat&eacute;r&eacute;s&eacute;nek el\u0151seg&iacute;t&eacute;se, a csal&aacute;dok seg&iacute;t&eacute;se, k&uuml;l&ouml;n&ouml;sen a<\/div>\n<div>\n\t\tlegh&aacute;tr&aacute;nyosabb helyzet\u0171 t&eacute;rs&eacute;gekben l&eacute;v\u0151 gyermekek min&eacute;l kor&aacute;bbi &eacute;letkorban t&ouml;rt&eacute;n\u0151<\/div>\n<div>\n\t\tmegseg&iacute;t&eacute;se.<\/div>\n<div>\n\t\tA projekt a 3-6 &eacute;ves gyerekek &oacute;vodai elhelyez&eacute;s&eacute;nek biztos&iacute;t&aacute;s&aacute;t t&aacute;mogatja. Az<\/div>\n<div>\n\t\tint&eacute;zm&eacute;ny\/szolg&aacute;ltat&aacute;s infrastruktur&aacute;lis fejleszt&eacute;se ezen bel&uuml;l, udvar, j&aacute;tsz&oacute;udvar fel&uacute;j&iacute;t&aacute;sa,<\/div>\n<div>\n\t\tterasz fed&eacute;s&eacute;nek kialak&iacute;t&aacute;sa, parkol&oacute;-f&eacute;r\u0151hely &eacute;s akad&aacute;lymentes parkol&oacute;-f&eacute;r\u0151hely fejleszt&eacute;se<\/div>\n<div>\n\t\tval&oacute;sult meg, valamint az eszk&ouml;zbeszerz&eacute;s, bele&eacute;rtve az udvari j&aacute;t&eacute;kokat, t&aacute;rgyakat.<\/div>\n<div>\n\t\tA projekt keret&eacute;ben egy olyan magas sz&iacute;nvonal&uacute; &eacute;s min\u0151s&eacute;gi tartalommal ell&aacute;tott<\/div>\n<div>\n\t\t&oacute;voda j&ouml;tt l&eacute;tre, mely a telep&uuml;l&eacute;s (&eacute;s a k&ouml;rnyez\u0151 telep&uuml;l&eacute;sek) sz&uuml;ks&eacute;gleteit kiel&eacute;g&iacute;ti.<\/div>\n<div>\n\t\t&nbsp;<\/div>\n<div>\n\t\tA PROJEKT AZONOS&Iacute;T&Oacute; SZ&Aacute;MA: TOP-1.4.1-15-HB1-2016-00020<\/div>\n<div>\n\t\t&nbsp;<\/div>\n<div>\n\t\tA T&Aacute;MOGATOT NEVE: Eszt&aacute;r k&ouml;zs&eacute;g &ouml;nkorm&aacute;nyzata<\/div>\n<div>\n\t\t&nbsp;<\/div>\n<div>\n\t\tA PROJEKT C&Iacute;M: Az eszt&aacute;ri epreskert &oacute;voda szolg&aacute;ltat&aacute;sainak min\u0151s&eacute;gi fejleszt&eacute;se &uacute;j<\/div>\n<div>\n\t\teszk&ouml;z&ouml;k, fedett terasz &eacute;s parkol&oacute; kialak&iacute;t&aacute;s&aacute;val<\/div>\n<div>\n\t\t&nbsp;<\/div>\n<div>\n\t\tT&Aacute;MOGAT&Aacute;SI &Ouml;SSZEG: 41,48 millli&oacute; forint<\/div>\n<div>\n\t\t&nbsp;<\/div>\n<div>\n\t\tT&Aacute;MOGAT&Aacute;S M&Eacute;RT&Eacute;KE: 100%<\/div>\n<div>\n\t\tPROJEKT HONLAPJA: esztar.hu<\/div>\n<\/div>\n","protected":false},"excerpt":{"rendered":"<p>Eszt&aacute;r K&ouml;zs&eacute;g &Ouml;nkorm&aacute;nyzata p&aacute;ly&aacute;zatot nyert &bdquo;Az Eszt&aacute;ri Epreskert &Oacute;voda szolg&aacute;ltat&aacute;sainak min\u0151s&eacute;gi fejleszt&eacute;se &uacute;j eszk&ouml;z&ouml;k, fedett terasz &eacute;s parkol&oacute; kialak&iacute;t&aacute;s&aacute;val&rdquo; c&iacute;mmel. &nbsp; A projekt c&eacute;lja &#8211; &ouml;sszhangban a felh&iacute;v&aacute;s c&eacute;lj&aacute;val- az &oacute;vodai ell&aacute;t&aacute;shoz val&oacute; hozz&aacute;f&eacute;r&eacute;s jav&iacute;t&aacute;s&aacute;nak &eacute;s a szolg&aacute;ltat&aacute;s min\u0151s&eacute;gi fejleszt&eacute;s&eacute;nek megval&oacute;s&iacute;t&aacute;sa, a gyermekell&aacute;t&oacute; kapacit&aacute;sok fejleszt&eacute;se, a gyermeket v&aacute;llal&oacute;k foglalkoztathat&oacute;s&aacute;ga &eacute;rdek&eacute;ben a kisgyermekes sz&uuml;l\u0151k munkaer\u0151 piacra<\/p>\n","protected":false},"author":2,"featured_media":17665,"comment_status":"closed","ping_status":"open","sticky":false,"template":"","format":"standard","meta":{"_sitemap_exclude":false,"_sitemap_priority":"","_sitemap_frequency":"","footnotes":""},"categories":[58],"tags":[],"class_list":["post-17666","post","type-post","status-publish","format-standard","has-post-thumbnail","hentry","category-palyazatok"],"_links":{"self":[{"href":"https:\/\/esztar.hu\/index.php?rest_route=\/wp\/v2\/posts\/17666","targetHints":{"allow":["GET"]}}],"collection":[{"href":"https:\/\/esztar.hu\/index.php?rest_route=\/wp\/v2\/posts"}],"about":[{"href":"https:\/\/esztar.hu\/index.php?rest_route=\/wp\/v2\/types\/post"}],"author":[{"embeddable":true,"href":"https:\/\/esztar.hu\/index.php?rest_route=\/wp\/v2\/users\/2"}],"replies":[{"embeddable":true,"href":"https:\/\/esztar.hu\/index.php?rest_route=%2Fwp%2Fv2%2Fcomments&post=17666"}],"version-history":[{"count":0,"href":"https:\/\/esztar.hu\/index.php?rest_route=\/wp\/v2\/posts\/17666\/revisions"}],"wp:featuredmedia":[{"embeddable":true,"href":"https:\/\/esztar.hu\/index.php?rest_route=\/wp\/v2\/media\/17665"}],"wp:attachment":[{"href":"https:\/\/esztar.hu\/index.php?rest_route=%2Fwp%2Fv2%2Fmedia&parent=17666"}],"wp:term":[{"taxonomy":"category","embeddable":true,"href":"https:\/\/esztar.hu\/index.php?rest_route=%2Fwp%2Fv2%2Fcategories&post=17666"},{"taxonomy":"post_tag","embeddable":true,"href":"https:\/\/esztar.hu\/index.php?rest_route=%2Fwp%2Fv2%2Ftags&post=17666"}],"curies":[{"name":"wp","href":"https:\/\/api.w.org\/{rel}","templated":true}]}}