{"id":17653,"date":"2018-06-13T08:16:35","date_gmt":"2018-06-13T06:16:35","guid":{"rendered":"https:\/\/esztar.hu\/2018\/06\/13\/egeszsegugyi-szuresek\/"},"modified":"2018-06-13T08:16:35","modified_gmt":"2018-06-13T06:16:35","slug":"egeszsegugyi-szuresek","status":"publish","type":"post","link":"https:\/\/esztar.hu\/?p=17653","title":{"rendered":"Eg\u00e9szs\u00e9g\u00fcgyi sz\u0171r\u00e9sek"},"content":{"rendered":"<p>\n\t<img fetchpriority=\"high\" decoding=\"async\" class=\" size-full wp-image-17652\" alt=\"\" src=\"https:\/\/esztar.hu\/wp-content\/uploads\/2018\/06\/euplakat_001-scaled.jpg\" style=\"width: 350px; height: 509px;\" width=\"1762\" height=\"2560\" srcset=\"https:\/\/esztar.hu\/wp-content\/uploads\/2018\/06\/euplakat_001-scaled.jpg 1762w, https:\/\/esztar.hu\/wp-content\/uploads\/2018\/06\/euplakat_001-768x1116.jpg 768w, https:\/\/esztar.hu\/wp-content\/uploads\/2018\/06\/euplakat_001-1057x1536.jpg 1057w, https:\/\/esztar.hu\/wp-content\/uploads\/2018\/06\/euplakat_001-1410x2048.jpg 1410w\" sizes=\"(max-width: 1762px) 100vw, 1762px\" \/><\/p>\n<p>\n\t<strong>A sz\u0171r&eacute;sek id\u0151pontjai:<\/strong><\/p>\n<p style=\"margin-left: 40px;\">\n\t-N\u0151gy&oacute;gy&aacute;szati sz\u0171r&eacute;s j&uacute;nius 15 p&eacute;ntek 11.00 (sz\u0171r\u0151busz)<\/p>\n<p style=\"margin-left: 40px;\">\n\t-B\u0151rgy&oacute;gy&aacute;sz anyajegysz\u0171r&eacute;s j&uacute;nius 15 p&eacute;ntek<\/p>\n<p style=\"margin-left: 40px;\">\n\t-Hall&aacute;ssz\u0171r&eacute;s j&uacute;nius 16 szombaton<\/p>\n<p style=\"margin-left: 40px;\">\n\tProsztata j&uacute;nius 15-16 p&eacute;ntek-szombat<\/p>\n<p>\n\t<em>A sz\u0171r&eacute;sekr\u0151l igazol&aacute;st is k&eacute;rhetnek a helysz&iacute;nen!<\/em><\/p>\n","protected":false},"excerpt":{"rendered":"<p>A sz\u0171r&eacute;sek id\u0151pontjai: -N\u0151gy&oacute;gy&aacute;szati sz\u0171r&eacute;s j&uacute;nius 15 p&eacute;ntek 11.00 (sz\u0171r\u0151busz) -B\u0151rgy&oacute;gy&aacute;sz anyajegysz\u0171r&eacute;s j&uacute;nius 15 p&eacute;ntek -Hall&aacute;ssz\u0171r&eacute;s j&uacute;nius 16 szombaton Prosztata j&uacute;nius 15-16 p&eacute;ntek-szombat A sz\u0171r&eacute;sekr\u0151l igazol&aacute;st is k&eacute;rhetnek a helysz&iacute;nen!<\/p>\n","protected":false},"author":2,"featured_media":17652,"comment_status":"closed","ping_status":"open","sticky":false,"template":"","format":"standard","meta":{"_sitemap_exclude":false,"_sitemap_priority":"","_sitemap_frequency":"","footnotes":""},"categories":[48],"tags":[],"class_list":["post-17653","post","type-post","status-publish","format-standard","has-post-thumbnail","hentry","category-onkormanyzat"],"_links":{"self":[{"href":"https:\/\/esztar.hu\/index.php?rest_route=\/wp\/v2\/posts\/17653","targetHints":{"allow":["GET"]}}],"collection":[{"href":"https:\/\/esztar.hu\/index.php?rest_route=\/wp\/v2\/posts"}],"about":[{"href":"https:\/\/esztar.hu\/index.php?rest_route=\/wp\/v2\/types\/post"}],"author":[{"embeddable":true,"href":"https:\/\/esztar.hu\/index.php?rest_route=\/wp\/v2\/users\/2"}],"replies":[{"embeddable":true,"href":"https:\/\/esztar.hu\/index.php?rest_route=%2Fwp%2Fv2%2Fcomments&post=17653"}],"version-history":[{"count":0,"href":"https:\/\/esztar.hu\/index.php?rest_route=\/wp\/v2\/posts\/17653\/revisions"}],"wp:featuredmedia":[{"embeddable":true,"href":"https:\/\/esztar.hu\/index.php?rest_route=\/wp\/v2\/media\/17652"}],"wp:attachment":[{"href":"https:\/\/esztar.hu\/index.php?rest_route=%2Fwp%2Fv2%2Fmedia&parent=17653"}],"wp:term":[{"taxonomy":"category","embeddable":true,"href":"https:\/\/esztar.hu\/index.php?rest_route=%2Fwp%2Fv2%2Fcategories&post=17653"},{"taxonomy":"post_tag","embeddable":true,"href":"https:\/\/esztar.hu\/index.php?rest_route=%2Fwp%2Fv2%2Ftags&post=17653"}],"curies":[{"name":"wp","href":"https:\/\/api.w.org\/{rel}","templated":true}]}}