{"id":17651,"date":"2018-06-07T15:54:30","date_gmt":"2018-06-07T13:54:30","guid":{"rendered":"https:\/\/esztar.hu\/2018\/06\/07\/szunyogirtas\/"},"modified":"2018-06-07T15:54:30","modified_gmt":"2018-06-07T13:54:30","slug":"szunyogirtas","status":"publish","type":"post","link":"https:\/\/esztar.hu\/?p=17651","title":{"rendered":"Sz\u00fanyog\u00edrt\u00e1s"},"content":{"rendered":"<div>\n\tMagyarorsz&aacute;g Korm&aacute;nya elrendelte Magyarorsz&aacute;g ter&uuml;let&eacute;n t&ouml;rt&eacute;n\u0151 cs&iacute;p\u0151sz&uacute;nyog gy&eacute;r&iacute;t&eacute;st!Az &Ouml;n&ouml;k telep&uuml;l&eacute;s&eacute;n az orsz&aacute;gos k&ouml;zponti sz&uacute;nyoggy&eacute;r&iacute;t&eacute;s keret&eacute;n bel&uuml;l: A&nbsp;f&ouml;ldi k&eacute;miai&nbsp;v&eacute;dekez&eacute;s&nbsp;2018. j&uacute;nius 12-&eacute;n&nbsp;a napnyugta ut&aacute;ni id\u0151szakban ker&uuml;l elv&eacute;gz&eacute;sre.&nbsp;<\/div>\n<p><!--more--><\/p>\n<div>\n\tTartal&eacute;knapok:&nbsp;2018. j&uacute;nius 13-14. A sz&uacute;nyoggy&eacute;r&iacute;t&eacute;sek koordin&aacute;l&aacute;s&aacute;val a BM Orsz&aacute;gos Katasztr&oacute;fav&eacute;delmi F\u0151igazgat&oacute;s&aacute;g Gazdas&aacute;gi Ell&aacute;t&oacute; K&ouml;zpontj&aacute;t b&iacute;zta meg.<\/div>\n<div>\n\tA gy&eacute;r&iacute;t&eacute;s f&ouml;ldi &eacute;s l&eacute;gi biol&oacute;giai m&oacute;dszerekkel valamint f&ouml;ldi &eacute;s l&eacute;gi k&eacute;miai m&oacute;dszerekkel a szak&eacute;rt\u0151k &aacute;ltal meghat&aacute;rozott ter&uuml;leteken kell elv&eacute;gezni.<\/div>\n<div>\n\t&nbsp;Az irt&aacute;s sor&aacute;n felhaszn&aacute;lt szer kiz&aacute;r&oacute;lag a cs&iacute;p\u0151sz&uacute;nyog l&aacute;rv&aacute;kat puszt&iacute;tja el, a szer a k&ouml;rnyezetre nincs k&aacute;ros hat&aacute;ssal. A f&ouml;ldi irt&aacute;s sor&aacute;n felhaszn&aacute;lt k&eacute;sz&iacute;tm&eacute;nyek: Coratrin, Mosquitox Fog. A l&eacute;gi k&eacute;miai kezel&eacute;s sor&aacute;n CORATRIN, AQUA K-OTHRIN, illetve MOSQUITOX1 ULV Forte k&eacute;sz&iacute;tm&eacute;nyek ker&uuml;lnek felhaszn&aacute;l&aacute;sra. A k&eacute;sz&iacute;tm&eacute;ny kijuttatott form&aacute;j&aacute;ban kiz&aacute;r&oacute;lag rovarokra van k&aacute;ros hat&aacute;ssal, melegv&eacute;r\u0171 &aacute;llatokra, emberre nem vesz&eacute;lyes &eacute;s a k&ouml;rnyezetet sem k&aacute;ros&iacute;tja.<\/div>\n","protected":false},"excerpt":{"rendered":"<p>Magyarorsz&aacute;g Korm&aacute;nya elrendelte Magyarorsz&aacute;g ter&uuml;let&eacute;n t&ouml;rt&eacute;n\u0151 cs&iacute;p\u0151sz&uacute;nyog gy&eacute;r&iacute;t&eacute;st!Az &Ouml;n&ouml;k telep&uuml;l&eacute;s&eacute;n az orsz&aacute;gos k&ouml;zponti sz&uacute;nyoggy&eacute;r&iacute;t&eacute;s keret&eacute;n bel&uuml;l: A&nbsp;f&ouml;ldi k&eacute;miai&nbsp;v&eacute;dekez&eacute;s&nbsp;2018. j&uacute;nius 12-&eacute;n&nbsp;a napnyugta ut&aacute;ni id\u0151szakban ker&uuml;l elv&eacute;gz&eacute;sre.&nbsp;<\/p>\n","protected":false},"author":2,"featured_media":0,"comment_status":"closed","ping_status":"open","sticky":false,"template":"","format":"standard","meta":{"_sitemap_exclude":false,"_sitemap_priority":"","_sitemap_frequency":"","footnotes":""},"categories":[48],"tags":[],"class_list":["post-17651","post","type-post","status-publish","format-standard","hentry","category-onkormanyzat"],"_links":{"self":[{"href":"https:\/\/esztar.hu\/index.php?rest_route=\/wp\/v2\/posts\/17651","targetHints":{"allow":["GET"]}}],"collection":[{"href":"https:\/\/esztar.hu\/index.php?rest_route=\/wp\/v2\/posts"}],"about":[{"href":"https:\/\/esztar.hu\/index.php?rest_route=\/wp\/v2\/types\/post"}],"author":[{"embeddable":true,"href":"https:\/\/esztar.hu\/index.php?rest_route=\/wp\/v2\/users\/2"}],"replies":[{"embeddable":true,"href":"https:\/\/esztar.hu\/index.php?rest_route=%2Fwp%2Fv2%2Fcomments&post=17651"}],"version-history":[{"count":0,"href":"https:\/\/esztar.hu\/index.php?rest_route=\/wp\/v2\/posts\/17651\/revisions"}],"wp:attachment":[{"href":"https:\/\/esztar.hu\/index.php?rest_route=%2Fwp%2Fv2%2Fmedia&parent=17651"}],"wp:term":[{"taxonomy":"category","embeddable":true,"href":"https:\/\/esztar.hu\/index.php?rest_route=%2Fwp%2Fv2%2Fcategories&post=17651"},{"taxonomy":"post_tag","embeddable":true,"href":"https:\/\/esztar.hu\/index.php?rest_route=%2Fwp%2Fv2%2Ftags&post=17651"}],"curies":[{"name":"wp","href":"https:\/\/api.w.org\/{rel}","templated":true}]}}