{"id":17600,"date":"2017-12-05T15:17:01","date_gmt":"2017-12-05T14:17:01","guid":{"rendered":"https:\/\/esztar.hu\/2017\/12\/05\/szocialis-celu-tuzeloanyag-tamogatas\/"},"modified":"2017-12-05T15:17:01","modified_gmt":"2017-12-05T14:17:01","slug":"szocialis-celu-tuzeloanyag-tamogatas","status":"publish","type":"post","link":"https:\/\/esztar.hu\/?p=17600","title":{"rendered":"Szoci\u00e1lis c\u00e9l\u00fa t\u00fczel\u0151anyag t\u00e1mogat\u00e1s"},"content":{"rendered":"<p align=\"center\">\n\t&nbsp;<\/p>\n<p align=\"center\">\n\tEszt&aacute;r K&ouml;zs&eacute;g &Ouml;nkorm&aacute;nyzata 2.797.175 Ft vissza nem t&eacute;r&iacute;tend\u0151 t&aacute;mogat&aacute;sban r&eacute;szes&uuml;lt szoci&aacute;lis c&eacute;l&uacute; t&uuml;zel\u0151anyag v&aacute;s&aacute;rl&aacute;s&aacute;ra. A t&aacute;mogat&aacute;s 559.435 Ft &ouml;ner\u0151vel t&aacute;rs&iacute;tva, 881 m&aacute;zsa barnak\u0151sz&eacute;n v&aacute;s&aacute;rl&aacute;s&aacute;ra ny&uacute;jt fedezetet. H&aacute;ztart&aacute;sonk&eacute;nt 4 m&aacute;zsa t&aacute;mogat&aacute;st felt&eacute;telezve 220 csal&aacute;d juthat t&eacute;li t&uuml;zel\u0151h&ouml;z.<\/p>\n<p><!--more--><\/p>\n<p align=\"center\">\n\t&nbsp;A K&eacute;pvisel\u0151-test&uuml;let &ndash; d&ouml;nt&eacute;s&eacute;nek megfelel\u0151en &#8211; sz&eacute;nt&aacute;mogat&aacute;st biztos&iacute;t annak a szem&eacute;lynek, aki&nbsp;<\/p>\n<p>\n\ta. 18 &eacute;v alatti, rendszeres gyermekv&eacute;delmi kedvezm&eacute;nyben r&eacute;szes&uuml;l\u0151 kiskor&uacute; gyermeket nevel,<\/p>\n<p>\n\tb. akt&iacute;v kor&uacute; nem foglalkoztatott szem&eacute;lyek ell&aacute;t&aacute;s&aacute;ban r&eacute;szes&uuml;l,<\/p>\n<p>\n\tc. normat&iacute;v jogosults&aacute;gi alapon k&ouml;zgy&oacute;gyell&aacute;t&aacute;sban r&eacute;szes&uuml;l,<\/p>\n<p>\n\td. id\u0151skor&uacute;ak j&aacute;rad&eacute;k&aacute;ban r&eacute;szes&uuml;l,<\/p>\n<p>\n\te. &aacute;pol&aacute;si d&iacute;jban r&eacute;szes&uuml;l,<\/p>\n<p>\n\tf. s&uacute;lyos fogyat&eacute;kosnak min\u0151s&uuml;l,<\/p>\n<p>\n\tg. &ouml;regs&eacute;gi nyugd&iacute;jban vagy nyugd&iacute;jszer\u0171 ell&aacute;t&aacute;sban r&eacute;szes&uuml;l, &eacute;s a saj&aacute;t vagy a vele egy h&aacute;ztart&aacute;sban &eacute;l\u0151 csal&aacute;dtagok&nbsp; egy f\u0151re jut&oacute; havi j&ouml;vedelme nem haladja meg a 60.000 Ft-ot.<\/p>\n<p>\n\tA&nbsp; sz&eacute;nt&aacute;mogat&aacute;s&nbsp; ugyanazon lakott ingatlanra csak egy jogosultnak &aacute;llap&iacute;that&oacute; meg, f&uuml;ggetlen&uuml;l a lak&aacute;sban &eacute;l\u0151 szem&eacute;lyek &eacute;s a h&aacute;ztart&aacute;sok sz&aacute;m&aacute;t&oacute;l. Amennyiben egy ingatlanr&oacute;l t&ouml;bb k&eacute;relem &eacute;rkezik, az elb&iacute;r&aacute;l&aacute;s a k&eacute;relem be&eacute;rkez&eacute;s&eacute;nek sorrendj&eacute;ben t&ouml;rt&eacute;nik.<\/p>\n<p>\n\tAz &uuml;resen &aacute;ll&oacute;, nem lakott ingatlanra, amelyben &eacute;letvitelszer\u0171en senki sem &eacute;l, a t&aacute;mogat&aacute;s nem k&eacute;rhet\u0151.<\/p>\n<p>\n\tA sz&eacute;nt&aacute;mogat&aacute;sban r&eacute;szes&uuml;l\u0151 szem&eacute;ly a szenet nem &eacute;rt&eacute;kes&iacute;theti, nem adhatja &aacute;t m&aacute;snak, csak saj&aacute;t haszn&aacute;latra haszn&aacute;lhatja fel, ellenkez\u0151 esetben azt visszasz&aacute;ll&iacute;tani k&ouml;teles, vagy az ellen&eacute;rt&eacute;k&eacute;t meg kell t&eacute;r&iacute;tenie.<\/p>\n<p>\n\tA k&eacute;relem beny&uacute;jthat&oacute; az Eszt&aacute;ri K&ouml;z&ouml;s &Ouml;nkorm&aacute;nyzati Hivatalban R&aacute;cz Tiborn&eacute; szoci&aacute;lis &uuml;gyint&eacute;z\u0151n&eacute;l. A nyomtatv&aacute;ny a helysz&iacute;nen beszerezhet\u0151, melyet kit&ouml;ltve, a sz&uuml;ks&eacute;ges mell&eacute;keltekkel (j&ouml;vedelemigazol&aacute;s, nyugd&iacute;jszelv&eacute;ny, ell&aacute;t&aacute;st meg&aacute;llap&iacute;t&oacute; hat&aacute;rozat stb.) ell&aacute;tva december 15-ig lehet beny&uacute;jtani. A k&eacute;relem minta a <a href=\"https:\/\/esztar.hu\/\">www.esztar.hu<\/a> oldalr&oacute;l is let&ouml;lthet\u0151.<\/p>\n<p>\n\tA polg&aacute;rmester 2018. janu&aacute;r 10-ig d&ouml;nt a k&eacute;relmek t&aacute;rgy&aacute;ban.<\/p>\n<p>\n\tA sz&eacute;n 2018. febru&aacute;r 15-ig kisz&aacute;ll&iacute;t&aacute;sra ker&uuml;lt a k&eacute;relmez\u0151k r&eacute;sz&eacute;re.<\/p>\n<p>\n\t<a href=\"https:\/\/esztar.hu\/wp-content\/uploads\/2017\/12\/szocszenkerelem.doc\">A k&eacute;relem let&ouml;lthet\u0151 innnen!<\/a><\/p>\n<p>\n\tEszt&aacute;r, 2017. december 1.<\/p>\n<p>\n\t&nbsp;<\/p>\n<p align=\"right\">\n\tFek&eacute;n&eacute; Tarcsi Csilla<\/p>\n<p align=\"right\">\n\tjegyz\u0151&nbsp;<\/p>\n","protected":false},"excerpt":{"rendered":"<p>&nbsp; Eszt&aacute;r K&ouml;zs&eacute;g &Ouml;nkorm&aacute;nyzata 2.797.175 Ft vissza nem t&eacute;r&iacute;tend\u0151 t&aacute;mogat&aacute;sban r&eacute;szes&uuml;lt szoci&aacute;lis c&eacute;l&uacute; t&uuml;zel\u0151anyag v&aacute;s&aacute;rl&aacute;s&aacute;ra. A t&aacute;mogat&aacute;s 559.435 Ft &ouml;ner\u0151vel t&aacute;rs&iacute;tva, 881 m&aacute;zsa barnak\u0151sz&eacute;n v&aacute;s&aacute;rl&aacute;s&aacute;ra ny&uacute;jt fedezetet. H&aacute;ztart&aacute;sonk&eacute;nt 4 m&aacute;zsa t&aacute;mogat&aacute;st felt&eacute;telezve 220 csal&aacute;d juthat t&eacute;li t&uuml;zel\u0151h&ouml;z.<\/p>\n","protected":false},"author":2,"featured_media":0,"comment_status":"closed","ping_status":"open","sticky":false,"template":"","format":"standard","meta":{"_sitemap_exclude":false,"_sitemap_priority":"","_sitemap_frequency":"","footnotes":""},"categories":[48],"tags":[],"class_list":["post-17600","post","type-post","status-publish","format-standard","hentry","category-onkormanyzat"],"_links":{"self":[{"href":"https:\/\/esztar.hu\/index.php?rest_route=\/wp\/v2\/posts\/17600","targetHints":{"allow":["GET"]}}],"collection":[{"href":"https:\/\/esztar.hu\/index.php?rest_route=\/wp\/v2\/posts"}],"about":[{"href":"https:\/\/esztar.hu\/index.php?rest_route=\/wp\/v2\/types\/post"}],"author":[{"embeddable":true,"href":"https:\/\/esztar.hu\/index.php?rest_route=\/wp\/v2\/users\/2"}],"replies":[{"embeddable":true,"href":"https:\/\/esztar.hu\/index.php?rest_route=%2Fwp%2Fv2%2Fcomments&post=17600"}],"version-history":[{"count":0,"href":"https:\/\/esztar.hu\/index.php?rest_route=\/wp\/v2\/posts\/17600\/revisions"}],"wp:attachment":[{"href":"https:\/\/esztar.hu\/index.php?rest_route=%2Fwp%2Fv2%2Fmedia&parent=17600"}],"wp:term":[{"taxonomy":"category","embeddable":true,"href":"https:\/\/esztar.hu\/index.php?rest_route=%2Fwp%2Fv2%2Fcategories&post=17600"},{"taxonomy":"post_tag","embeddable":true,"href":"https:\/\/esztar.hu\/index.php?rest_route=%2Fwp%2Fv2%2Ftags&post=17600"}],"curies":[{"name":"wp","href":"https:\/\/api.w.org\/{rel}","templated":true}]}}