{"id":17548,"date":"2017-02-13T21:11:47","date_gmt":"2017-02-13T20:11:47","guid":{"rendered":"https:\/\/esztar.hu\/2017\/02\/13\/if-you-dream-esztar-2\/"},"modified":"2017-02-13T21:11:47","modified_gmt":"2017-02-13T20:11:47","slug":"if-you-dream-esztar-2","status":"publish","type":"post","link":"https:\/\/esztar.hu\/?p=17548","title":{"rendered":"#IF-YOU#dream#Eszt\u00e1r"},"content":{"rendered":"<p align=\"JUSTIFY\" style=\"margin-bottom: 0cm; line-height: 100%;\">\n\t<font face=\"Times New Roman, serif\">Projekt&uuml;nk c&eacute;lja, az Eszt&aacute;rban &eacute;l\u0151 fiatalok sz&aacute;m&aacute;ra egy tudatosan megtervezett, &eacute;let&uuml;k legf\u0151bb ter&uuml;leteit lefed\u0151 programsorozat megval&oacute;s&iacute;t&aacute;sa, hangs&uacute;lyozva az &ouml;nk&eacute;ntes szerepv&aacute;llal&aacute;s fontoss&aacute;g&aacute;t, komplex programokkal felk&eacute;sz&iacute;ts&uuml;k \u0151ket az &ouml;n&aacute;ll&oacute; &eacute;letkezd&eacute;sre a munk&aacute;ba &aacute;ll&aacute;s l&eacute;p&eacute;seire, fejlessz&uuml;k k&eacute;pess&eacute;geiket, kompetenci&aacute;jukat &eacute;s egy eg&eacute;szs&eacute;ges, kiegyens&uacute;lyozott &eacute;let&uacute;t kialak&iacute;t&aacute;s&aacute;t t&aacute;mogassuk. Ezeket a c&eacute;lokat ismeretterjeszt\u0151 el\u0151ad&aacute;sokkal, klubfoglalkoz&aacute;sokkal, workshopokkal szeretn&eacute;nk el&eacute;rni. A projekt a hangs&uacute;lyt az ifj&uacute;s&aacute;g sz&uuml;ks&eacute;gleteinek, ig&eacute;nyeinek megismer&eacute;s&eacute;re, &ouml;nszervez\u0151d&eacute;s&eacute;nek, &eacute;rdekk&eacute;pviselet&eacute;nek, az &eacute;rtelmes szabadid\u0151t&ouml;lt&eacute;s &eacute;s a tanul&aacute;s felt&eacute;teleinek biztos&iacute;t&aacute;s&aacute;ra helyezi. A fiatalok &eacute;rdek&eacute;ben l&eacute;trehoztunk egy ifj&uacute;s&aacute;gi klubot mely havi rendszeress&eacute;ggel ad lehet\u0151s&eacute;get k&ouml;z&ouml;s csoportfoglalkoz&aacute;sra. Csoportfoglalkoz&aacute;saink alatt az els\u0151dleges c&eacute;lcsoport k&ouml;tetlen interakt&iacute;v besz&eacute;lget&eacute;sen vesznek r&eacute;szt. A klubfoglalkoz&aacute;s helysz&iacute;n&eacute;nek l&eacute;trehozunk egy I-PONT-ot Eszt&aacute;rban. Az I-PONT-ot a saj&aacute;t ig&eacute;nyeikhez alak&iacute;tj&aacute;k ki a fiataljaink. K&ouml;zvetlen c&eacute;lcsoportunk a 15 &eacute;s 29 &eacute;v k&ouml;z&ouml;tti fiatalok, k&ouml;zvetett c&eacute;lcsoport pedig a programba bevont fiatalok csal&aacute;djai.&nbsp;<\/font><\/p>\n<p><!--more--><\/p>\n<p align=\"JUSTIFY\" style=\"margin-bottom: 0cm; line-height: 125%;\">\n\t<img fetchpriority=\"high\" decoding=\"async\" class=\" size-full wp-image-17546\" alt=\"\" src=\"https:\/\/esztar.hu\/wp-content\/uploads\/2017\/02\/DSCF8316-scaled.jpg\" style=\"width: 300px; height: 200px;\" width=\"2560\" height=\"1707\" srcset=\"https:\/\/esztar.hu\/wp-content\/uploads\/2017\/02\/DSCF8316-scaled.jpg 2560w, https:\/\/esztar.hu\/wp-content\/uploads\/2017\/02\/DSCF8316-768x512.jpg 768w, https:\/\/esztar.hu\/wp-content\/uploads\/2017\/02\/DSCF8316-1536x1024.jpg 1536w, https:\/\/esztar.hu\/wp-content\/uploads\/2017\/02\/DSCF8316-2048x1365.jpg 2048w\" sizes=\"(max-width: 2560px) 100vw, 2560px\" \/><\/p>\n<p align=\"JUSTIFY\" style=\"margin-bottom: 0cm; line-height: 125%;\">\n\t<u style=\"color: rgb(0, 0, 10);\"><b>Projektadatok:<\/b><\/u><\/p>\n<p align=\"JUSTIFY\" style=\"margin-bottom: 0cm; line-height: 100%;\">\n\t&nbsp;<\/p>\n<p style=\"margin-bottom: 0cm;\">\n\t<font color=\"#00000a\"><u>Projekt megnevez&eacute;se<\/u><\/font><font color=\"#00000a\">: <\/font>#IF-YOU#dream#Eszt&aacute;r<\/p>\n<p style=\"margin-bottom: 0cm;\">\n\t<font color=\"#00000a\"><u>Projekt azonos&iacute;t&oacute;ja:<\/u><\/font><font color=\"#00000a\"> <\/font>EFOP-1.2.2-15-2016-00135<font size=\"3\"> &nbsp;<\/font><br \/>\n\t<font color=\"#00000a\"><font face=\"Verdana, serif\"><font style=\"font-size: 9pt\"><u>Projekt &ouml;sszk&ouml;lts&eacute;g:<\/u><\/font><\/font><\/font><font color=\"#00000a\"><font face=\"Verdana, serif\"><font style=\"font-size: 9pt\"> 24 993&nbsp;427.-Ft<\/font><\/font><\/font><\/p>\n<p style=\"margin-bottom: 0cm; line-height: 115%;\">\n\t<font color=\"#000000\"><font face=\"Verdana, serif\"><font size=\"3\"><font color=\"#00000a\"><font face=\"Arial, serif\"><font size=\"2\"><u>Kedvezm&eacute;nyezett neve:<\/u><\/font><\/font><\/font><font color=\"#00000a\"><font face=\"Arial, serif\"><font size=\"2\"> <\/font><\/font><\/font><font color=\"#00000a\"><font face=\"Arial, serif\"><font size=\"2\">Eszt&aacute;r Fejl\u0151d&eacute;s&eacute;&eacute;rt Alap&iacute;tv&aacute;ny<\/font><\/font><\/font><\/font><\/font><\/font><\/p>\n<p style=\"margin-bottom: 0cm; line-height: 115%;\">\n\t<font color=\"#000000\"><font face=\"Verdana, serif\"><font size=\"3\"><font color=\"#00000a\"><font face=\"Arial, serif\"><font size=\"2\"><u>C&iacute;me:<\/u><\/font><\/font><\/font><font color=\"#00000a\"><font face=\"Arial, serif\"><font size=\"2\"> 4124 Eszt&aacute;r Kossuth utca 1.<img decoding=\"async\" class=\" alignright size-full wp-image-17547\" alt=\"\" src=\"https:\/\/esztar.hu\/wp-content\/uploads\/2017\/02\/Szchenyi-2020-ESZA.jpg\" style=\"width: 300px; height: 207px; float: right;\" width=\"565\" height=\"389\" \/><\/font><\/font><\/font><\/font><\/font><\/font><\/p>\n","protected":false},"excerpt":{"rendered":"<p>Projekt&uuml;nk c&eacute;lja, az Eszt&aacute;rban &eacute;l\u0151 fiatalok sz&aacute;m&aacute;ra egy tudatosan megtervezett, &eacute;let&uuml;k legf\u0151bb ter&uuml;leteit lefed\u0151 programsorozat megval&oacute;s&iacute;t&aacute;sa, hangs&uacute;lyozva az &ouml;nk&eacute;ntes szerepv&aacute;llal&aacute;s fontoss&aacute;g&aacute;t, komplex programokkal felk&eacute;sz&iacute;ts&uuml;k \u0151ket az &ouml;n&aacute;ll&oacute; &eacute;letkezd&eacute;sre a munk&aacute;ba &aacute;ll&aacute;s l&eacute;p&eacute;seire, fejlessz&uuml;k k&eacute;pess&eacute;geiket, kompetenci&aacute;jukat &eacute;s egy eg&eacute;szs&eacute;ges, kiegyens&uacute;lyozott &eacute;let&uacute;t kialak&iacute;t&aacute;s&aacute;t t&aacute;mogassuk. Ezeket a c&eacute;lokat ismeretterjeszt\u0151 el\u0151ad&aacute;sokkal, klubfoglalkoz&aacute;sokkal, workshopokkal szeretn&eacute;nk el&eacute;rni. A projekt a hangs&uacute;lyt<\/p>\n","protected":false},"author":2,"featured_media":17546,"comment_status":"closed","ping_status":"open","sticky":false,"template":"","format":"standard","meta":{"_sitemap_exclude":false,"_sitemap_priority":"","_sitemap_frequency":"","footnotes":""},"categories":[41],"tags":[],"class_list":["post-17548","post","type-post","status-publish","format-standard","has-post-thumbnail","hentry","category-hirek"],"_links":{"self":[{"href":"https:\/\/esztar.hu\/index.php?rest_route=\/wp\/v2\/posts\/17548","targetHints":{"allow":["GET"]}}],"collection":[{"href":"https:\/\/esztar.hu\/index.php?rest_route=\/wp\/v2\/posts"}],"about":[{"href":"https:\/\/esztar.hu\/index.php?rest_route=\/wp\/v2\/types\/post"}],"author":[{"embeddable":true,"href":"https:\/\/esztar.hu\/index.php?rest_route=\/wp\/v2\/users\/2"}],"replies":[{"embeddable":true,"href":"https:\/\/esztar.hu\/index.php?rest_route=%2Fwp%2Fv2%2Fcomments&post=17548"}],"version-history":[{"count":0,"href":"https:\/\/esztar.hu\/index.php?rest_route=\/wp\/v2\/posts\/17548\/revisions"}],"wp:featuredmedia":[{"embeddable":true,"href":"https:\/\/esztar.hu\/index.php?rest_route=\/wp\/v2\/media\/17546"}],"wp:attachment":[{"href":"https:\/\/esztar.hu\/index.php?rest_route=%2Fwp%2Fv2%2Fmedia&parent=17548"}],"wp:term":[{"taxonomy":"category","embeddable":true,"href":"https:\/\/esztar.hu\/index.php?rest_route=%2Fwp%2Fv2%2Fcategories&post=17548"},{"taxonomy":"post_tag","embeddable":true,"href":"https:\/\/esztar.hu\/index.php?rest_route=%2Fwp%2Fv2%2Ftags&post=17548"}],"curies":[{"name":"wp","href":"https:\/\/api.w.org\/{rel}","templated":true}]}}