{"id":17542,"date":"2017-01-30T11:58:21","date_gmt":"2017-01-30T10:58:21","guid":{"rendered":"https:\/\/esztar.hu\/2017\/01\/30\/magyarkultnapja2017\/"},"modified":"2017-01-30T11:58:21","modified_gmt":"2017-01-30T10:58:21","slug":"magyarkultnapja2017","status":"publish","type":"post","link":"https:\/\/esztar.hu\/?p=17542","title":{"rendered":"Magyar Kult\u00fara Napja"},"content":{"rendered":"<div>\n\tIdei &eacute;v els\u0151 rendezv&eacute;ny&eacute;t a Magyar Kult&uacute;ra Napj&aacute;t &uuml;nnepelt&uuml;k vas&aacute;rnap. M\u0171sorunkat Cz&aacute;r Lajon&eacute; az &aacute;ltal&aacute;nos &nbsp;iskola volt igazgat&oacute;n\u0151je nyitotta meg &uuml;nnepi k&ouml;sz&ouml;nt\u0151j&eacute;vel.&nbsp;<\/div>\n<p><!--more--><\/p>\n<div>\n\tA Himnuszt Prib&eacute;k Faranciska Debreceni Reform&aacute;tus Gimn&aacute;zium tanul&oacute;ja szavalta el. A &nbsp;M\u0171vel\u0151d&eacute;si H&aacute;z 45 &eacute;ve vette fel a J&oacute;zsef Attila nevet &eacute;s 2007.-ben ker&uuml;lt fel&uacute;j&iacute;t&aacute;sra amit egy r&ouml;vid vide&oacute; seg&iacute;ts&eacute;g&eacute;vel eleven&iacute;tett&uuml;nk fel. Ezt k&ouml;vet\u0151en az Eszt&aacute;ri Irinyi K&aacute;roly &Aacute;ltal&aacute;nos iskola Alapfok&uacute; M\u0171v&eacute;szetoktat&aacute;si Int&eacute;zm&eacute;ny tan&aacute;rai &eacute;s n&ouml;vend&eacute;kei l&eacute;ptek a sz&iacute;npadra.&nbsp;<\/div>\n<div>\n\t<img fetchpriority=\"high\" decoding=\"async\" class=\" alignleft size-full wp-image-17541\" alt=\"\" class=\"cke-resize\" src=\"https:\/\/esztar.hu\/wp-content\/uploads\/2017\/01\/magykult2017.jpg\" style=\"height: 200px; width: 300px; float: left; border-width: 0px; border-style: solid; margin: 5px;\" width=\"2048\" height=\"1365\" srcset=\"https:\/\/esztar.hu\/wp-content\/uploads\/2017\/01\/magykult2017.jpg 2048w, https:\/\/esztar.hu\/wp-content\/uploads\/2017\/01\/magykult2017-768x512.jpg 768w, https:\/\/esztar.hu\/wp-content\/uploads\/2017\/01\/magykult2017-1536x1024.jpg 1536w\" sizes=\"(max-width: 2048px) 100vw, 2048px\" \/>&nbsp;T&oacute;th Johanna zongora, M&aacute;ndi J&oacute;zsef furulya j&aacute;t&eacute;k&aacute;t hallgathattuk meg &nbsp;amit &nbsp;Solym&oacute;s J&oacute;zsef &nbsp; &eacute;s di&aacute;kjai n&eacute;pt&aacute;ncbemutat&oacute;ja k&ouml;vetet ,majd &nbsp;Bal&aacute;zs Gergely &nbsp;J.S. Bach BWV 996 git&aacute;r sz&oacute;l&oacute;ja z&aacute;rta a zen&eacute;s &ouml;ssze&aacute;ll&iacute;t&aacute;st. &bdquo;Eszt&aacute;ri &bdquo; Sz&eacute;csi Zolt&aacute;n Nemzetfot&oacute;sa &aacute;ltal k&eacute;sz&iacute;tett riportfilm vet&iacute;t&eacute;s&eacute;t k&eacute;t r&eacute;szben n&eacute;zhett&eacute;k meg vend&eacute;geink. &nbsp;A magyar kult&uacute;ra soksz&iacute;n\u0171s&eacute;g&eacute;t &nbsp;az 5. oszt&aacute;ly Sz&ouml;k&ouml;csn&eacute; Kinter Be&aacute;ta oszt&aacute;lyf\u0151n&ouml;k seg&iacute;ts&eacute;g&eacute;vel sokr&eacute;t\u0171 sz&iacute;npadi el\u0151ad&aacute;ssal mutatt&aacute;k be. Az iskola rajzp&aacute;ly&aacute;zatot hirdetett di&aacute;kjai r&eacute;sz&eacute;re &rdquo; Iskolai &eacute;let &eacute;s Iskola Log&oacute;&rdquo; c&iacute;mmel s ennek eredm&eacute;ny&eacute;t &nbsp;igazgat&oacute;n\u0151 T&ouml;r&ouml;kn&eacute; Cs&ouml;rsz Csilla hirdetett ki &eacute;s adta &aacute;t a nyerem&eacute;nyeket a d&iacute;jazottaknak. A rajzokat Cz&aacute;r Lajos ,Solymos J&oacute;zsef &eacute;s Sz&eacute;csi No&eacute;mi &nbsp;zs\u0171rieln&ouml;k &eacute;rt&eacute;kelte .A grafika tanszak m\u0171veib\u0151l Ferenczi T&uuml;nde &nbsp;rajzpedag&oacute;gus ki&aacute;ll&iacute;t&aacute;s&aacute;t &eacute;s az 1.- 2. oszt&aacute;lyos di&aacute;kok rajzait is megtekinthett&eacute;k a rendezv&eacute;nyre l&aacute;togat&oacute; vend&eacute;geink. A t&iacute;z &eacute;ves &eacute;vfordul&oacute; tisztelet&eacute;re Cz&aacute;r Lajos hagyom&aacute;ny\u0151rz\u0151 saj&aacute;t k&eacute;sz&iacute;t&eacute;s\u0171 di&oacute;f&aacute;b&oacute;l faragott eml&eacute;kt&aacute;bl&aacute;t aj&aacute;nd&eacute;kozott a M\u0171vel\u0151d&eacute;si H&aacute;z igazgat&oacute;j&aacute;nak Nagy Gyul&aacute;nak. Rendezv&eacute;ny&uuml;nk a sz&oacute;zat meghallgat&aacute;s&aacute;val z&aacute;rtuk. Ez&uacute;ton is &nbsp;k&ouml;sz&ouml;nj&uuml;k az &aacute;ltal&aacute;nos iskola pedag&oacute;gusainak &eacute;s n&ouml;vend&eacute;keinek &eacute;s az &ouml;sszes k&ouml;zrem\u0171k&ouml;d\u0151nek, hogy munk&aacute;jukkal emelt&eacute;k az esem&eacute;ny sz&iacute;nvonal&aacute;t.<\/div>\n<div>\n\t&nbsp;<\/div>\n<div>\n\t&nbsp;<\/div>\n<div id=\"ckimgrsz\" style=\"left: 8px; top: 124.6px;\">\n<div class=\"preview\">\n\t\t&nbsp;<\/div>\n<\/div>\n","protected":false},"excerpt":{"rendered":"<p>Idei &eacute;v els\u0151 rendezv&eacute;ny&eacute;t a Magyar Kult&uacute;ra Napj&aacute;t &uuml;nnepelt&uuml;k vas&aacute;rnap. M\u0171sorunkat Cz&aacute;r Lajon&eacute; az &aacute;ltal&aacute;nos &nbsp;iskola volt igazgat&oacute;n\u0151je nyitotta meg &uuml;nnepi k&ouml;sz&ouml;nt\u0151j&eacute;vel.&nbsp;<\/p>\n","protected":false},"author":2,"featured_media":17541,"comment_status":"closed","ping_status":"open","sticky":false,"template":"","format":"standard","meta":{"_sitemap_exclude":false,"_sitemap_priority":"","_sitemap_frequency":"","footnotes":""},"categories":[41],"tags":[],"class_list":["post-17542","post","type-post","status-publish","format-standard","has-post-thumbnail","hentry","category-hirek"],"_links":{"self":[{"href":"https:\/\/esztar.hu\/index.php?rest_route=\/wp\/v2\/posts\/17542","targetHints":{"allow":["GET"]}}],"collection":[{"href":"https:\/\/esztar.hu\/index.php?rest_route=\/wp\/v2\/posts"}],"about":[{"href":"https:\/\/esztar.hu\/index.php?rest_route=\/wp\/v2\/types\/post"}],"author":[{"embeddable":true,"href":"https:\/\/esztar.hu\/index.php?rest_route=\/wp\/v2\/users\/2"}],"replies":[{"embeddable":true,"href":"https:\/\/esztar.hu\/index.php?rest_route=%2Fwp%2Fv2%2Fcomments&post=17542"}],"version-history":[{"count":0,"href":"https:\/\/esztar.hu\/index.php?rest_route=\/wp\/v2\/posts\/17542\/revisions"}],"wp:featuredmedia":[{"embeddable":true,"href":"https:\/\/esztar.hu\/index.php?rest_route=\/wp\/v2\/media\/17541"}],"wp:attachment":[{"href":"https:\/\/esztar.hu\/index.php?rest_route=%2Fwp%2Fv2%2Fmedia&parent=17542"}],"wp:term":[{"taxonomy":"category","embeddable":true,"href":"https:\/\/esztar.hu\/index.php?rest_route=%2Fwp%2Fv2%2Fcategories&post=17542"},{"taxonomy":"post_tag","embeddable":true,"href":"https:\/\/esztar.hu\/index.php?rest_route=%2Fwp%2Fv2%2Ftags&post=17542"}],"curies":[{"name":"wp","href":"https:\/\/api.w.org\/{rel}","templated":true}]}}