{"id":17535,"date":"2016-12-21T20:06:54","date_gmt":"2016-12-21T19:06:54","guid":{"rendered":"https:\/\/esztar.hu\/2016\/12\/21\/jotekonysagi-est\/"},"modified":"2016-12-21T20:06:54","modified_gmt":"2016-12-21T19:06:54","slug":"jotekonysagi-est","status":"publish","type":"post","link":"https:\/\/esztar.hu\/?p=17535","title":{"rendered":"J\u00f3t\u00e9konys\u00e1gi est"},"content":{"rendered":"<div>\n\tAdvent harmadik vas&aacute;rnapja j&oacute;t&eacute;konys&aacute;gi esttel egybek&ouml;tve rendhagy&oacute; m&oacute;don ker&uuml;lt megrendez&eacute;sre.<\/div>\n<p><!--more--><\/p>\n<div>\n\tAz Irinyi K&aacute;roly &Aacute;ltal&aacute;nos Iskola &eacute;s Alapfok&uacute; M\u0171v&eacute;szeti Iskola tanul&oacute;i l&eacute;ptek fel az est folyam&aacute;n. Els\u0151k&eacute;nt furuly&aacute;n, majd a zongor&aacute;n j&aacute;tszottak kar&aacute;csonyi dalokat a n&ouml;vend&eacute;kek. \u0150ket sorra k&ouml;vett&eacute;k az oszt&aacute;lyok aki verseket, dalokat, angol &eacute;nekeket, p&aacute;sztor &eacute;s Betlehemes j&aacute;t&eacute;kot adtak el\u0151. A gyerekek m\u0171sora igazi kar&aacute;csonyi hangulatot var&aacute;zsolt a sz&eacute;p sz&aacute;mmal megjelent k&ouml;z&ouml;ns&eacute;gnek. Az est folyam&aacute;n tombola, b&uuml;f&eacute; &eacute;s kirakod&oacute; v&aacute;s&aacute;r v&aacute;rta a vend&eacute;geket, s az itt befolyt p&eacute;nzzel is t&aacute;mogatva a k&uuml;lt&eacute;ri j&aacute;t&eacute;kok megv&aacute;s&aacute;rl&aacute;s&aacute;t. A v&aacute;s&aacute;rl&aacute;sok mellett a vend&eacute;gek felaj&aacute;nl&aacute;sukat is elhelyezhett&eacute;k a bej&aacute;ratn&aacute;l adom&aacute;ny l&aacute;d&aacute;ba is. A m\u0171sorok &eacute;s tombola sorsol&aacute;s ut&aacute;n a f\u0151t&eacute;ren folytat&oacute;dott az Adventi megeml&eacute;kez&eacute;s. Kol&aacute;r Norbertn&eacute; reform&aacute;tus lelk&eacute;szn\u0151 &uuml;nnepi besz&eacute;d&eacute;t k&ouml;vet\u0151en a harmadik gyerty&aacute;t T&ouml;r&ouml;kn&eacute; Cs&ouml;rsz Csilla igazgat&oacute;n\u0151 a tanul&oacute;k nev&eacute;ben gy&uacute;jtotta meg a falu koszor&uacute;j&aacute;n. Az est Cz&aacute;r Lajos &aacute;ltal faragott eml&eacute;kt&aacute;bla leleplez&eacute;s&eacute;vel z&aacute;rult, amit a t&iacute;z &eacute;ves Eszt&aacute;ri Polg&aacute;r\u0151rs&eacute;g tisztelet&eacute;re k&eacute;sz&iacute;tett.<\/div>\n<div>\n\t&nbsp;<\/div>\n<div>\n\tEz&uacute;ton szeretn&eacute;nk megk&ouml;sz&ouml;nni mindenkinek a munk&aacute;j&aacute;t &eacute;s t&aacute;mogat&aacute;s&aacute;t. &Ouml;sszefog&aacute;sukkal m&aacute;r el&eacute;rt&uuml;k a f&eacute;l milli&oacute;s p&eacute;nz &ouml;sszeget.<\/div>\n<div>\n\tAdom&aacute;nygy\u0171jt&eacute;s&uuml;nk nem z&aacute;rut le kar&aacute;csonyig v&aacute;rjuk a felaj&aacute;nl&aacute;sokat.<\/div>\n<div>\n\t&nbsp;<\/div>\n<div style=\"color: rgb(34, 34, 34); font-family: arial, sans-serif; font-size: small;\">\n\t{phocagallery view=category|categoryid=41|limitstart=0|limitcount=5}<\/div>\n","protected":false},"excerpt":{"rendered":"<p>Advent harmadik vas&aacute;rnapja j&oacute;t&eacute;konys&aacute;gi esttel egybek&ouml;tve rendhagy&oacute; m&oacute;don ker&uuml;lt megrendez&eacute;sre.<\/p>\n","protected":false},"author":2,"featured_media":0,"comment_status":"closed","ping_status":"open","sticky":false,"template":"","format":"standard","meta":{"_sitemap_exclude":false,"_sitemap_priority":"","_sitemap_frequency":"","footnotes":""},"categories":[64],"tags":[],"class_list":["post-17535","post","type-post","status-publish","format-standard","hentry","category-kozossegi-elet"],"_links":{"self":[{"href":"https:\/\/esztar.hu\/index.php?rest_route=\/wp\/v2\/posts\/17535","targetHints":{"allow":["GET"]}}],"collection":[{"href":"https:\/\/esztar.hu\/index.php?rest_route=\/wp\/v2\/posts"}],"about":[{"href":"https:\/\/esztar.hu\/index.php?rest_route=\/wp\/v2\/types\/post"}],"author":[{"embeddable":true,"href":"https:\/\/esztar.hu\/index.php?rest_route=\/wp\/v2\/users\/2"}],"replies":[{"embeddable":true,"href":"https:\/\/esztar.hu\/index.php?rest_route=%2Fwp%2Fv2%2Fcomments&post=17535"}],"version-history":[{"count":0,"href":"https:\/\/esztar.hu\/index.php?rest_route=\/wp\/v2\/posts\/17535\/revisions"}],"wp:attachment":[{"href":"https:\/\/esztar.hu\/index.php?rest_route=%2Fwp%2Fv2%2Fmedia&parent=17535"}],"wp:term":[{"taxonomy":"category","embeddable":true,"href":"https:\/\/esztar.hu\/index.php?rest_route=%2Fwp%2Fv2%2Fcategories&post=17535"},{"taxonomy":"post_tag","embeddable":true,"href":"https:\/\/esztar.hu\/index.php?rest_route=%2Fwp%2Fv2%2Ftags&post=17535"}],"curies":[{"name":"wp","href":"https:\/\/api.w.org\/{rel}","templated":true}]}}