{"id":17531,"date":"2016-12-07T13:30:08","date_gmt":"2016-12-07T12:30:08","guid":{"rendered":"https:\/\/esztar.hu\/2016\/12\/07\/jotekonysagi-akcio\/"},"modified":"2016-12-07T13:30:08","modified_gmt":"2016-12-07T12:30:08","slug":"jotekonysagi-akcio","status":"publish","type":"post","link":"https:\/\/esztar.hu\/?p=17531","title":{"rendered":"J\u00f3t\u00e9konys\u00e1gi akci\u00f3"},"content":{"rendered":"<p style=\"margin-bottom: 0cm\">\n\t2016.december 2. -&aacute;n eg&eacute;sz napos rendezv&eacute;ny keret&eacute;ben kezdet&eacute;t vette a kast&eacute;ly udvar k&uuml;lt&eacute;ri j&aacute;t&eacute;kaira val&oacute; adom&aacute;nygy\u0171jt&eacute;s.<\/p>\n<p><!--more--><\/p>\n<p style=\"margin-bottom: 0cm\">\n\t&nbsp;Az &aacute;rus&iacute;t&aacute;st nagy k&eacute;sz&uuml;l\u0151d&eacute;s el\u0151zte meg , d&eacute;lel\u0151tt&ouml;nk&eacute;nt di&aacute;kok, tan&aacute;rok, &oacute;v&oacute;n\u0151k ,sz&uuml;l\u0151k &ouml;sszefog&aacute;s&aacute;val k&eacute;sz&uuml;ltek a kar&aacute;csonyi d&iacute;szek, aj&aacute;nd&eacute;kt&aacute;rgyak amihez az eszt&aacute;ri &ouml;nkorm&aacute;nyzat biztos&iacute;totta az alapanyagokat. Felh&iacute;v&aacute;sunkra sorra &eacute;rkeztek a felaj&aacute;nlott j&aacute;t&eacute;kok, ruh&aacute;k,d&iacute;szt&aacute;rgyak, k&eacute;zm\u0171ves term&eacute;kek. Ez&uacute;ton szeretn&eacute;nk megk&ouml;sz&ouml;nni minden adom&aacute;nyoz&oacute;nak &eacute;s &ouml;nk&eacute;nteseknek a megrendez&eacute;sben val&oacute; seg&iacute;ts&eacute;get. A bolhapiac siker&eacute;t bizony&iacute;tja, hogy bolha &aacute;rakon &aacute;rult t&aacute;rgyakb&oacute;l sz&aacute;zh&uacute;sz ezer forint gy\u0171lt &ouml;ssze.<\/p>\n<p style=\"margin-bottom: 0cm\">\n\t{phocagallery view=category|categoryid=39|limitstart=1|limitcount=0}<\/p>\n<table border=\"1\" cellpadding=\"1\" cellspacing=\"1\" style=\"height: 200px; width: 900px;\">\n<tbody>\n<tr>\n<td>\n\t\t\t\t&nbsp;<\/td>\n<td style=\"width: 330px;\">\n\t\t\t\t&nbsp;<\/td>\n<td style=\"width: 258px;\">\n\t\t\t\t&nbsp;<\/td>\n<\/tr>\n<\/tbody>\n<\/table>\n<div id=\"ckimgrsz\" style=\"left: 622px; top: 143px;\">\n<div class=\"preview\">\n\t\t&nbsp;<\/div>\n<\/div>\n","protected":false},"excerpt":{"rendered":"<p>2016.december 2. -&aacute;n eg&eacute;sz napos rendezv&eacute;ny keret&eacute;ben kezdet&eacute;t vette a kast&eacute;ly udvar k&uuml;lt&eacute;ri j&aacute;t&eacute;kaira val&oacute; adom&aacute;nygy\u0171jt&eacute;s.<\/p>\n","protected":false},"author":2,"featured_media":0,"comment_status":"closed","ping_status":"open","sticky":false,"template":"","format":"standard","meta":{"_sitemap_exclude":false,"_sitemap_priority":"","_sitemap_frequency":"","footnotes":""},"categories":[64],"tags":[],"class_list":["post-17531","post","type-post","status-publish","format-standard","hentry","category-kozossegi-elet"],"_links":{"self":[{"href":"https:\/\/esztar.hu\/index.php?rest_route=\/wp\/v2\/posts\/17531","targetHints":{"allow":["GET"]}}],"collection":[{"href":"https:\/\/esztar.hu\/index.php?rest_route=\/wp\/v2\/posts"}],"about":[{"href":"https:\/\/esztar.hu\/index.php?rest_route=\/wp\/v2\/types\/post"}],"author":[{"embeddable":true,"href":"https:\/\/esztar.hu\/index.php?rest_route=\/wp\/v2\/users\/2"}],"replies":[{"embeddable":true,"href":"https:\/\/esztar.hu\/index.php?rest_route=%2Fwp%2Fv2%2Fcomments&post=17531"}],"version-history":[{"count":0,"href":"https:\/\/esztar.hu\/index.php?rest_route=\/wp\/v2\/posts\/17531\/revisions"}],"wp:attachment":[{"href":"https:\/\/esztar.hu\/index.php?rest_route=%2Fwp%2Fv2%2Fmedia&parent=17531"}],"wp:term":[{"taxonomy":"category","embeddable":true,"href":"https:\/\/esztar.hu\/index.php?rest_route=%2Fwp%2Fv2%2Fcategories&post=17531"},{"taxonomy":"post_tag","embeddable":true,"href":"https:\/\/esztar.hu\/index.php?rest_route=%2Fwp%2Fv2%2Ftags&post=17531"}],"curies":[{"name":"wp","href":"https:\/\/api.w.org\/{rel}","templated":true}]}}