{"id":17518,"date":"2016-10-06T09:30:29","date_gmt":"2016-10-06T07:30:29","guid":{"rendered":"https:\/\/esztar.hu\/2016\/10\/06\/bursa-hungarica-2017\/"},"modified":"2016-10-06T09:30:29","modified_gmt":"2016-10-06T07:30:29","slug":"bursa-hungarica-2017","status":"publish","type":"post","link":"https:\/\/esztar.hu\/?p=17518","title":{"rendered":"Bursa Hungarica 2017"},"content":{"rendered":"<div>\n\tEszt&aacute;r K&ouml;zs&eacute;g &Ouml;nkorm&aacute;nyzata az Emberi Er\u0151forr&aacute;sok Miniszt&eacute;rium&aacute;val egy&uuml;ttm\u0171k&ouml;dve, az 51\/2007. (III.26.) Korm&aacute;nyrendelet alapj&aacute;n ezennel ki&iacute;rja a 2017. &eacute;vre a Bursa Hungarica Fels\u0151oktat&aacute;si &Ouml;nkorm&aacute;nyzati &Ouml;szt&ouml;nd&iacute;jp&aacute;ly&aacute;zatot fels\u0151oktat&aacute;si tanulm&aacute;nyokat kezdeni k&iacute;v&aacute;n&oacute; fiatalok sz&aacute;m&aacute;ra,&nbsp;a 2016\/2017. tan&eacute;v m&aacute;sodik &eacute;s a 2017\/2018. tan&eacute;v els\u0151 f&eacute;l&eacute;v&eacute;re vonatkoz&oacute;an.&nbsp;<\/div>\n<div>\n\t&nbsp;<\/div>\n<div>\n\tA p&aacute;ly&aacute;zati ki&iacute;r&aacute;s innen let&ouml;lthet\u0151:<\/div>\n<div>\n\t<a href=\"https:\/\/esztar.hu\/wp-content\/uploads\/2016\/10\/PalyazatikiirasBursaA2017.docx\">A t&iacute;pus&uacute; (fels\u0151oktat&aacute;si int&eacute;zm&eacute;nyben tanul&oacute;knak)<\/a><\/div>\n<div>\n\t<a href=\"https:\/\/esztar.hu\/wp-content\/uploads\/2016\/10\/PalyazatikiirasBursaB2017.doc\">B t&iacute;pus&uacute;&nbsp;(fels\u0151oktat&aacute;si int&eacute;zm&eacute;nyben tanulm&aacute;nyt kezd\u0151 tanul&oacute;knak)<\/a><\/div>\n<div>\n\t<\/p>\n<p>\n\t\t<img fetchpriority=\"high\" decoding=\"async\" class=\" size-full wp-image-17515\" alt=\"\" src=\"https:\/\/esztar.hu\/wp-content\/uploads\/2016\/10\/Bursa.jpg\" style=\"height: 24px; width: 50px;\" width=\"562\" height=\"271\" \/><\/p>\n<\/div>\n","protected":false},"excerpt":{"rendered":"<p>Eszt&aacute;r K&ouml;zs&eacute;g &Ouml;nkorm&aacute;nyzata az Emberi Er\u0151forr&aacute;sok Miniszt&eacute;rium&aacute;val egy&uuml;ttm\u0171k&ouml;dve, az 51\/2007. (III.26.) Korm&aacute;nyrendelet alapj&aacute;n ezennel ki&iacute;rja a 2017. &eacute;vre a Bursa Hungarica Fels\u0151oktat&aacute;si &Ouml;nkorm&aacute;nyzati &Ouml;szt&ouml;nd&iacute;jp&aacute;ly&aacute;zatot fels\u0151oktat&aacute;si tanulm&aacute;nyokat kezdeni k&iacute;v&aacute;n&oacute; fiatalok sz&aacute;m&aacute;ra,&nbsp;a 2016\/2017. tan&eacute;v m&aacute;sodik &eacute;s a 2017\/2018. tan&eacute;v els\u0151 f&eacute;l&eacute;v&eacute;re vonatkoz&oacute;an.&nbsp; &nbsp; A p&aacute;ly&aacute;zati ki&iacute;r&aacute;s innen let&ouml;lthet\u0151: A t&iacute;pus&uacute; (fels\u0151oktat&aacute;si int&eacute;zm&eacute;nyben tanul&oacute;knak) B t&iacute;pus&uacute;&nbsp;(fels\u0151oktat&aacute;si int&eacute;zm&eacute;nyben tanulm&aacute;nyt<\/p>\n","protected":false},"author":2,"featured_media":17515,"comment_status":"closed","ping_status":"open","sticky":false,"template":"","format":"standard","meta":{"_sitemap_exclude":false,"_sitemap_priority":"","_sitemap_frequency":"","footnotes":""},"categories":[48],"tags":[],"class_list":["post-17518","post","type-post","status-publish","format-standard","has-post-thumbnail","hentry","category-onkormanyzat"],"_links":{"self":[{"href":"https:\/\/esztar.hu\/index.php?rest_route=\/wp\/v2\/posts\/17518","targetHints":{"allow":["GET"]}}],"collection":[{"href":"https:\/\/esztar.hu\/index.php?rest_route=\/wp\/v2\/posts"}],"about":[{"href":"https:\/\/esztar.hu\/index.php?rest_route=\/wp\/v2\/types\/post"}],"author":[{"embeddable":true,"href":"https:\/\/esztar.hu\/index.php?rest_route=\/wp\/v2\/users\/2"}],"replies":[{"embeddable":true,"href":"https:\/\/esztar.hu\/index.php?rest_route=%2Fwp%2Fv2%2Fcomments&post=17518"}],"version-history":[{"count":0,"href":"https:\/\/esztar.hu\/index.php?rest_route=\/wp\/v2\/posts\/17518\/revisions"}],"wp:featuredmedia":[{"embeddable":true,"href":"https:\/\/esztar.hu\/index.php?rest_route=\/wp\/v2\/media\/17515"}],"wp:attachment":[{"href":"https:\/\/esztar.hu\/index.php?rest_route=%2Fwp%2Fv2%2Fmedia&parent=17518"}],"wp:term":[{"taxonomy":"category","embeddable":true,"href":"https:\/\/esztar.hu\/index.php?rest_route=%2Fwp%2Fv2%2Fcategories&post=17518"},{"taxonomy":"post_tag","embeddable":true,"href":"https:\/\/esztar.hu\/index.php?rest_route=%2Fwp%2Fv2%2Ftags&post=17518"}],"curies":[{"name":"wp","href":"https:\/\/api.w.org\/{rel}","templated":true}]}}