{"id":17506,"date":"2016-07-20T09:52:15","date_gmt":"2016-07-20T07:52:15","guid":{"rendered":"https:\/\/esztar.hu\/2016\/07\/20\/ertesites\/"},"modified":"2016-07-20T09:52:15","modified_gmt":"2016-07-20T07:52:15","slug":"ertesites","status":"publish","type":"post","link":"https:\/\/esztar.hu\/?p=17506","title":{"rendered":"\u00c9RTES\u00cdT\u00c9S"},"content":{"rendered":"<div>\n\t&nbsp;<\/div>\n<div>\n\t&bdquo;Ny&aacute;ri di&aacute;kmunka&rdquo; elnevez&eacute;ssel munkaer\u0151-piaci programot ind&iacute;tunk, 2016. augusztus 1. &eacute;s 2016. augusztus 31. k&ouml;z&ouml;tti id\u0151szakra.<\/div>\n<p><!--more--><\/p>\n<div>\n\t&nbsp;A t&aacute;mogat&aacute;s el\u0151felt&eacute;tele, hogy a nappalitagozatos di&aacute;k k&ouml;zvet&iacute;t&eacute;st k&eacute;r\u0151k&eacute;nt<\/div>\n<div>\n\t&nbsp;<\/div>\n<div>\n\t&#8211; szem&eacute;lyes okm&aacute;nyaival, valamint<\/div>\n<div>\n\t&#8211; &eacute;rv&eacute;nyes di&aacute;kigazolv&aacute;ny&aacute;val, vagy annak visszavon&aacute;skor kiadott iskolal&aacute;togat&aacute;si igazol&aacute;s&aacute;val kell<\/div>\n<div>\n\ta munkaviszony kezdete el\u0151tt(2016.augusztus 1. el\u0151tt) a j&aacute;r&aacute;si hivatal foglalkoztat&aacute;si oszt&aacute;ly&aacute;ra sz&uuml;ks&eacute;ges bef&aacute;radnia annak &eacute;rdek&eacute;ben, hogy a programba t&ouml;rt&eacute;n\u0151 bevon&aacute;s&aacute;nak el\u0151felt&eacute;tel&eacute;t jelent\u0151 regisztr&aacute;ci&oacute;ja megt&ouml;rt&eacute;nhessen. A j&aacute;r&aacute;si hivatalban t&ouml;rt&eacute;n\u0151 regisztr&aacute;ci&oacute; nem jelenti a biztos foglalkoztat&aacute;st!<\/div>\n<div>\n\t&nbsp;<\/div>\n<div>\n\tAmennyiben megt&ouml;rt&eacute;nt a regiszt&aacute;ci&oacute;, azt a Polg&aacute;rmesteri Hivatal titk&aacute;rs&aacute;g&aacute;n jelezni sz&iacute;veskedjen!<\/div>\n<div>\n\t&nbsp;<\/div>\n<div>\n\t<em>Eszt&aacute;r K&ouml;zs&eacute;g &Ouml;nkorm&aacute;nyzata<\/em><\/div>\n","protected":false},"excerpt":{"rendered":"<p>&nbsp; &bdquo;Ny&aacute;ri di&aacute;kmunka&rdquo; elnevez&eacute;ssel munkaer\u0151-piaci programot ind&iacute;tunk, 2016. augusztus 1. &eacute;s 2016. augusztus 31. k&ouml;z&ouml;tti id\u0151szakra.<\/p>\n","protected":false},"author":2,"featured_media":0,"comment_status":"closed","ping_status":"open","sticky":false,"template":"","format":"standard","meta":{"_sitemap_exclude":false,"_sitemap_priority":"","_sitemap_frequency":"","footnotes":""},"categories":[48],"tags":[],"class_list":["post-17506","post","type-post","status-publish","format-standard","hentry","category-onkormanyzat"],"_links":{"self":[{"href":"https:\/\/esztar.hu\/index.php?rest_route=\/wp\/v2\/posts\/17506","targetHints":{"allow":["GET"]}}],"collection":[{"href":"https:\/\/esztar.hu\/index.php?rest_route=\/wp\/v2\/posts"}],"about":[{"href":"https:\/\/esztar.hu\/index.php?rest_route=\/wp\/v2\/types\/post"}],"author":[{"embeddable":true,"href":"https:\/\/esztar.hu\/index.php?rest_route=\/wp\/v2\/users\/2"}],"replies":[{"embeddable":true,"href":"https:\/\/esztar.hu\/index.php?rest_route=%2Fwp%2Fv2%2Fcomments&post=17506"}],"version-history":[{"count":0,"href":"https:\/\/esztar.hu\/index.php?rest_route=\/wp\/v2\/posts\/17506\/revisions"}],"wp:attachment":[{"href":"https:\/\/esztar.hu\/index.php?rest_route=%2Fwp%2Fv2%2Fmedia&parent=17506"}],"wp:term":[{"taxonomy":"category","embeddable":true,"href":"https:\/\/esztar.hu\/index.php?rest_route=%2Fwp%2Fv2%2Fcategories&post=17506"},{"taxonomy":"post_tag","embeddable":true,"href":"https:\/\/esztar.hu\/index.php?rest_route=%2Fwp%2Fv2%2Ftags&post=17506"}],"curies":[{"name":"wp","href":"https:\/\/api.w.org\/{rel}","templated":true}]}}