{"id":17481,"date":"2016-04-08T12:39:12","date_gmt":"2016-04-08T10:39:12","guid":{"rendered":"https:\/\/esztar.hu\/2016\/04\/08\/felhivas\/"},"modified":"2016-04-08T12:39:12","modified_gmt":"2016-04-08T10:39:12","slug":"felhivas","status":"publish","type":"post","link":"https:\/\/esztar.hu\/?p=17481","title":{"rendered":"FELH\u00cdV\u00c1S!"},"content":{"rendered":"<p align=\"CENTER\" style=\"margin-bottom: 0cm\">\n\t<font face=\"Times New Roman, serif\"><font size=\"4\"><b>Tisztelt Eszt&aacute;ri Lakosok!<\/b><\/font><\/font><\/p>\n<p style=\"margin-bottom: 0cm\">\n\t<font face=\"Times New Roman, serif\"><font size=\"4\">Eszt&aacute;r K&ouml;zs&eacute;g &Ouml;nkorm&aacute;nyzat&aacute;nak K&eacute;pvisel\u0151-test&uuml;lete a 2016. m&aacute;rcius 31-&eacute;n tartott &uuml;l&eacute;s&eacute;n elfogadta a helyi telep&uuml;l&eacute;si t&aacute;mogat&aacute;sokr&oacute;l sz&oacute;l&oacute; rendelet&eacute;nek a m&oacute;dos&iacute;t&aacute;s&aacute;t, amelyben h&aacute;rom &uacute;j ell&aacute;t&aacute;si form&aacute;t vezetett be.<\/font><\/font><\/p>\n<ol>\n<li>\n<p><!--more--><\/p>\n<p style=\"margin-bottom: 0cm\">\n\t\t\t<font face=\"Times New Roman, serif\"><font size=\"4\"><u><b>Lakhat&aacute;si t&aacute;mogat&aacute;s<\/b><\/u><\/font><\/font><\/p>\n<\/li>\n<\/ol>\n<p align=\"JUSTIFY\" style=\"margin-bottom: 0cm\">\n\t<font face=\"Times New Roman, serif\"><font size=\"4\">Az &ouml;nkorm&aacute;nyzat lakhat&aacute;si t&aacute;mogat&aacute;st ny&uacute;jt a szoci&aacute;lisan r&aacute;szorult szem&eacute;lyeknek, csal&aacute;doknak az &aacute;ltaluk lakott lak&aacute;s fenntart&aacute;s&aacute;val kapcsolatos <\/font><\/font><font face=\"Times New Roman, serif\"><font size=\"4\"><u><b>rendszeres, v&iacute;z- illetve csatornad&iacute;j kiad&aacute;saik visel&eacute;s&eacute;hez<\/b><\/u><\/font><\/font><font face=\"Times New Roman, serif\"><font size=\"4\"> az e rendeletben meghat&aacute;rozott felt&eacute;telek fenn&aacute;ll&aacute;sa eset&eacute;n. <\/font><\/font><\/p>\n<p align=\"JUSTIFY\" style=\"margin-bottom: 0cm\">\n\t<font face=\"Times New Roman, serif\"><font size=\"4\">Lakhat&aacute;si t&aacute;mogat&aacute;sra jogosult az a szem&eacute;ly, akinek a h&aacute;ztart&aacute;s&aacute;ban az egy fogyaszt&aacute;si egys&eacute;gre jut&oacute; havi j&ouml;vedelem nem haladja meg az &ouml;regs&eacute;gi nyugd&iacute;j (28.500Ft) mindenkori legkisebb &ouml;sszeg&eacute;nek 250%-&aacute;t (71.250 Ft) , &eacute;s a h&aacute;ztart&aacute;s tagjai egyik&eacute;nek sincs vagyona. <\/font><\/font><\/p>\n<p align=\"JUSTIFY\" style=\"margin-bottom: 0cm\">\n\t<font face=\"Times New Roman, serif\"><font size=\"4\">A lakhat&aacute;si t&aacute;mogat&aacute;s kiz&aacute;r&oacute;lag term&eacute;szetben ny&uacute;jthat&oacute; szoci&aacute;lis ell&aacute;t&aacute;s, melynek foly&oacute;s&iacute;t&aacute;sa a <\/font><\/font><font face=\"Times New Roman, serif\"><font size=\"4\"><b>k&ouml;zszolg&aacute;ltat&oacute; fel&eacute; t&ouml;rt&eacute;n\u0151 k&ouml;zvetlen &aacute;tutal&aacute;ssal<\/b><\/font><\/font><font face=\"Times New Roman, serif\"><font size=\"4\"> val&oacute;sul meg. Teh&aacute;t k&ouml;zvetlen&uuml;l p&eacute;nz&ouml;sszeg kifizet&eacute;s&eacute;re nem ker&uuml;l sor, a havi t&aacute;mogat&aacute;s &ouml;sszeg&eacute;t a Debreceni V&iacute;zm\u0171 Zrt fogja a jogosult sz&aacute;ml&aacute;j&aacute;ban j&oacute;v&aacute;&iacute;rni. <\/font><\/font><\/p>\n<p align=\"JUSTIFY\" style=\"margin-bottom: 0cm\">\n\t<font face=\"Times New Roman, serif\"><font size=\"4\">A t&aacute;mogat&aacute;s &ouml;sszege havonta legfeljebb 3.000 Ft lehet. Ez azt jelenti, hogy akinek a havi sz&aacute;ml&aacute;ja a 3.000 Ft-ot nem &eacute;ri el, abban az esetben a t&aacute;mogat&aacute;s a 3.000 Ft-ot el nem &eacute;r\u0151 sz&aacute;mla &ouml;sszege. Amennyiben a sz&aacute;mla meghaladja a 3.000 Ft &ouml;sszeget, abban az esetben az &Ouml;nkorm&aacute;nyzat &aacute;tutalja t&aacute;mogat&aacute;sk&eacute;nt a Debreceni V&iacute;zm\u0171 Zrt r&eacute;sz&eacute;re a 3.000 Ft t&aacute;mogat&aacute;st, &eacute;s a 3.000 Ft t&aacute;mogat&aacute;son fel&uuml;li r&eacute;sz ker&uuml;l kisz&aacute;ml&aacute;z&aacute;sra a fogyaszt&oacute; r&eacute;sz&eacute;re. <\/font><\/font><\/p>\n<p align=\"JUSTIFY\" style=\"margin-bottom: 0cm\">\n\t<font face=\"Times New Roman, serif\"><font size=\"4\">A t&aacute;mogat&aacute;st a k&eacute;relem beny&uacute;jt&aacute;sa h&oacute;napj&aacute;nak 1. napj&aacute;t&oacute;l egy &eacute;v id\u0151tartamra &aacute;llap&iacute;that&oacute; meg. <\/font><\/font><\/p>\n<p align=\"JUSTIFY\" style=\"margin-bottom: 0cm\">\n\t<font face=\"Times New Roman, serif\"><font size=\"4\">A t&aacute;mogat&aacute;s meg&aacute;llap&iacute;t&aacute;s&aacute;nak tov&aacute;bbi felt&eacute;tele a t&aacute;mogat&aacute;st k&eacute;r\u0151 lak&oacute;k&ouml;rnyezet&eacute;nek tiszt&aacute;ntart&aacute;sa, valamint az, hogy a szennyv&iacute;zszolg&aacute;ltat&aacute;st ig&eacute;nybevegye, amennyiben arra k&ouml;telezett. <\/font><\/font><\/p>\n<p align=\"JUSTIFY\" style=\"margin-bottom: 0cm\">\n\t<font face=\"Times New Roman, serif\"><font size=\"4\">A t&aacute;mogat&aacute;s ig&eacute;nyl&eacute;s&eacute;re formanyomtatv&aacute;ny szolg&aacute;l, mely a Polg&aacute;rmesteri Hivatalban R&aacute;cz Tiborn&eacute; &uuml;gyint&eacute;z\u0151n&eacute;l vehet\u0151 &aacute;t. A k&eacute;relem folyamatosan beny&uacute;jthat&oacute;, de csak a t&aacute;rgyh&oacute; 20-ig beny&uacute;jtott k&eacute;relmek eset&eacute;ben &aacute;llap&iacute;that&oacute; meg a t&aacute;mogat&aacute;s t&aacute;rgyh&oacute; 1-t\u0151l. <\/font><\/font><\/p>\n<p align=\"JUSTIFY\" style=\"margin-bottom: 0cm\">\n\t<font face=\"Times New Roman, serif\"><font size=\"4\">A t&aacute;mogat&aacute;s meg&aacute;llap&iacute;t&aacute;s&aacute;val kapcsolatos egy&eacute;b inform&aacute;ci&oacute; a Polg&aacute;rmesteri Hivatalban k&eacute;rhet\u0151.<\/font><\/font><\/p>\n<p align=\"JUSTIFY\" style=\"margin-bottom: 0cm\">\n\t&nbsp;<\/p>\n<ol start=\"2\">\n<li>\n<p align=\"JUSTIFY\" style=\"margin-bottom: 0cm\">\n\t\t\t<font face=\"Times New Roman, serif\"><font size=\"4\"><u><b>Gy&oacute;gyszert&aacute;mogat&aacute;s<\/b><\/u><\/font><\/font><\/p>\n<\/li>\n<\/ol>\n<p align=\"JUSTIFY\" style=\"margin-bottom: 0cm\">\n\t&nbsp;<\/p>\n<p align=\"JUSTIFY\" style=\"margin-bottom: 0cm\">\n\t<font face=\"Times New Roman, serif\"><font size=\"4\">Azon szem&eacute;lyek r&eacute;sz&eacute;re, akik a Korm&aacute;nyhivatal &aacute;ltal kiadott k&ouml;zgy&oacute;gyell&aacute;t&aacute;si igazolv&aacute;nnyal nem rendelkeznek, az &Ouml;nkorm&aacute;nyzat a helyi szoci&aacute;lis rendelet szerinti felt&eacute;telek fenn&aacute;ll&aacute;sa eset&eacute;n gy&oacute;gyszert&aacute;mogat&aacute;st &aacute;llap&iacute;that meg. <\/font><\/font><\/p>\n<p align=\"JUSTIFY\" style=\"margin-bottom: 0cm\">\n\t<font face=\"Times New Roman, serif\"><font size=\"4\">A gy&oacute;gyszerkiad&aacute;sokhoz ny&uacute;jtott t&aacute;mogat&aacute;s az al&aacute;bbi felt&eacute;telek fenn&aacute;ll&aacute;sa eset&eacute;n &aacute;llap&iacute;that&oacute; meg:<\/font><\/font><\/p>\n<p align=\"JUSTIFY\" style=\"margin-bottom: 0cm\">\n\t<font face=\"Times New Roman, serif\"><font size=\"4\">a.) <\/font><\/font><font face=\"Times New Roman, serif\"><font size=\"4\"><b>egyed&uuml;l &eacute;l\u0151 szem&eacute;ly<\/b><\/font><\/font><font face=\"Times New Roman, serif\"><font size=\"4\"> eset&eacute;n, ha az egy f\u0151re sz&aacute;m&iacute;tott havi j&ouml;vedelme nem haladja meg az &ouml;regs&eacute;gi nyugd&iacute;j (28.500 Ft) mindenkori legkisebb &ouml;sszeg&eacute;nek 200 %-&aacute;t (57.000 Ft), &eacute;s a havi rendszeres gy&oacute;gy&iacute;t&oacute; ell&aacute;t&aacute;s k&ouml;lts&eacute;ge el&eacute;ri az &ouml;regs&eacute;gi nyugd&iacute;j mindenkori legkisebb &ouml;sszeg&eacute;nek 25 %- &aacute;t(7.125 Ft) . <\/font><\/font><\/p>\n<p align=\"JUSTIFY\" style=\"margin-bottom: 0cm\">\n\t<font face=\"Times New Roman, serif\"><font size=\"4\">b.) <\/font><\/font><font face=\"Times New Roman, serif\"><font size=\"4\"><b>csal&aacute;dban &eacute;l\u0151 szem&eacute;ly<\/b><\/font><\/font><font face=\"Times New Roman, serif\"><font size=\"4\"> eset&eacute;n, ha az egy f\u0151re sz&aacute;m&iacute;tott havi j&ouml;vedelem nem haladja meg az &ouml;regs&eacute;gi nyugd&iacute;j mindenkori legkisebb &ouml;sszeg&eacute;nek 150 %-&aacute;t (42.750 Ft) , &eacute;s a havi rendszeres gy&oacute;gy&iacute;t&oacute; ell&aacute;t&aacute;s k&ouml;lts&eacute;ge el&eacute;ri az &ouml;regs&eacute;gi nyugd&iacute;j mindenkori legkisebb &ouml;sszeg&eacute;nek 25 %- &aacute;t (7.125 Ft). <\/font><\/font><\/p>\n<p align=\"JUSTIFY\" style=\"margin-bottom: 0cm\">\n\t<font face=\"Times New Roman, serif\"><font size=\"4\">A gy&oacute;gyszerkiad&aacute;sokhoz ny&uacute;jtott t&aacute;mogat&aacute;s csak a k&eacute;relmez\u0151 kr&oacute;nikus betegs&eacute;g&eacute;re tekintettel a j&aacute;r&oacute;beteg ell&aacute;t&aacute;s keret&eacute;ben rendelhet\u0151 egyes, a biztons&aacute;gos &eacute;s gazdas&aacute;gos gy&oacute;gyszer &eacute;s gy&oacute;gy&aacute;szati seg&eacute;deszk&ouml;z-ell&aacute;t&aacute;s, valamint a gy&oacute;gyszerforgalmaz&aacute;s &aacute;ltal&aacute;nos szab&aacute;lyair&oacute;l sz&oacute;l&oacute; jogszab&aacute;lyban meghat&aacute;rozott gy&oacute;gyszerekre vehet\u0151 ig&eacute;nybe. <\/font><\/font><\/p>\n<p align=\"JUSTIFY\" style=\"margin-bottom: 0cm\">\n\t<font face=\"Times New Roman, serif\"><font size=\"4\">A gy&oacute;gyszerkiad&aacute;sokhoz ny&uacute;jtott t&aacute;mogat&aacute;s &eacute;vente legfeljebb 2 alkalommal &aacute;llap&iacute;that&oacute; meg. <\/font><\/font><\/p>\n<p align=\"JUSTIFY\" style=\"margin-bottom: 0cm\">\n\t<font face=\"Times New Roman, serif\"><font size=\"4\">A k&eacute;relemhez mell&eacute;kelni kell a j&aacute;r&aacute;si hivatal alanyi &eacute;s normat&iacute;v k&ouml;zgy&oacute;gyell&aacute;t&aacute;s ir&aacute;nti <\/font><\/font><font face=\"Times New Roman, serif\"><font size=\"4\"><b>elutas&iacute;t&oacute; hat&aacute;rozat&aacute;t<\/b><\/font><\/font><font face=\"Times New Roman, serif\"><font size=\"4\">, a <\/font><\/font><font face=\"Times New Roman, serif\"><font size=\"4\"><b>h&aacute;zi orvosi<\/b><\/font><\/font><font face=\"Times New Roman, serif\"><font size=\"4\">, valamint a <\/font><\/font><font face=\"Times New Roman, serif\"><font size=\"4\"><b>gy&oacute;gyszert&aacute;ri igazol&aacute;st<\/b><\/font><\/font><font face=\"Times New Roman, serif\"><font size=\"4\"> is. <\/font><\/font><\/p>\n<p align=\"JUSTIFY\" style=\"margin-bottom: 0cm\">\n\t<font face=\"Times New Roman, serif\"><font size=\"4\">A gy&oacute;gyszerkiad&aacute;sokhoz ny&uacute;jtott t&aacute;mogat&aacute;s &ouml;sszege a jogosult havi rendszeres gy&oacute;gyszerk&ouml;lts&eacute;ge, de legfeljebb 12 000 Ft lehet. (6.000 Ft szakorvosi, 6000 Ft nem szakorvosi javaslatra). <\/font><\/font><\/p>\n<p align=\"JUSTIFY\" style=\"margin-bottom: 0cm\">\n\t<font face=\"Times New Roman, serif\"><font size=\"4\">Ebben az esetben sem ker&uuml;l sor a t&aacute;mogat&aacute;s kifizet&eacute;s&eacute;re, hanem a joger\u0151s hat&aacute;rozat birtok&aacute;ban ker&uuml;l sor a <\/font><\/font><font face=\"Times New Roman, serif\"><font size=\"4\"><b>helyi gy&oacute;gyszert&aacute;rban<\/b><\/font><\/font><font face=\"Times New Roman, serif\"><font size=\"4\"> a gy&oacute;gyszer kiad&aacute;s&aacute;ra a hat&aacute;rozatban felt&uuml;ntetett t&aacute;mogat&aacute;s m&eacute;rt&eacute;k&eacute;ig. <\/font><\/font><\/p>\n<p align=\"JUSTIFY\" style=\"margin-bottom: 0cm\">\n\t<font face=\"Times New Roman, serif\"><font size=\"4\">K&uuml;l&ouml;n&ouml;s m&eacute;lt&aacute;nyl&aacute;st &eacute;rdeml\u0151 esetekben is van lehet\u0151s&eacute;g gy&oacute;gyszert&aacute;mogat&aacute;sra, illetve gy&oacute;gy&aacute;szati seg&eacute;deszk&ouml;z beszerz&eacute;se is t&aacute;mogathat&oacute; a rendeletben meghat&aacute;rozott szab&aacute;lyok szerint.<\/font><\/font><\/p>\n<ol start=\"3\">\n<li>\n<p align=\"JUSTIFY\" style=\"margin-bottom: 0cm\">\n\t\t\t<font face=\"Times New Roman, serif\"><font size=\"4\"><u><b>V&eacute;d\u0151olt&aacute;s t&aacute;mogat&aacute;sa<\/b><\/u><\/font><\/font><\/p>\n<\/li>\n<\/ol>\n<p align=\"JUSTIFY\" style=\"margin-bottom: 0cm\">\n\t<font face=\"Times New Roman, serif\"><font size=\"4\">Az &Ouml;nkorm&aacute;nyzat a <\/font><\/font><font face=\"Times New Roman, serif\"><font size=\"4\"><b>b&aacute;r&aacute;nyhiml\u0151<\/b><\/font><\/font><font face=\"Times New Roman, serif\"><font size=\"4\">, a <\/font><\/font><font face=\"Times New Roman, serif\"><font size=\"4\"><b>gennyes agyh&aacute;rtyagyullad&aacute;s<\/b><\/font><\/font><font face=\"Times New Roman, serif\"><font size=\"4\">, valamint a <\/font><\/font><font face=\"Times New Roman, serif\"><font size=\"4\"><b>kullancscs&iacute;p&eacute;s okozta agyvel\u0151gyullad&aacute;s<\/b><\/font><\/font><font face=\"Times New Roman, serif\"><font size=\"4\"> elleni v&eacute;d\u0151olt&aacute;sok t&eacute;r&iacute;t&eacute;si d&iacute;j&aacute;hoz t&aacute;mogat&aacute;st biztos&iacute;t a telep&uuml;l&eacute;sen bejelentett lak&oacute;hellyel rendelkez\u0151<\/font><\/font><font face=\"Times New Roman, serif\"><font size=\"4\"><b>, rendszeres gyermekv&eacute;delmi kedvezm&eacute;nyre jogosult, 0-14 &eacute;ves kor&uacute; lakoss&aacute;g r&eacute;sz&eacute;re. <\/b><\/font><\/font><\/p>\n<p align=\"JUSTIFY\" style=\"margin-bottom: 0cm\">\n\t<font face=\"Times New Roman, serif\"><font size=\"4\">A t&aacute;mogat&aacute;s &ouml;sszege gyermekenk&eacute;nt max. 10.000 Ft.<\/font><\/font><\/p>\n<p align=\"JUSTIFY\" style=\"margin-bottom: 0cm\">\n\t<font face=\"Times New Roman, serif\"><font size=\"4\">A v&eacute;d\u0151olt&aacute;sok nem k&ouml;telez\u0151 v&eacute;d\u0151olt&aacute;sok, teh&aacute;t az ig&eacute;nybev&eacute;tele &ouml;nk&eacute;ntes, k&eacute;relemre t&ouml;rt&eacute;nhet. A t&aacute;mogat&aacute;sra val&oacute; jogosults&aacute;g meg&aacute;llap&iacute;t&aacute;s&aacute;t a t&ouml;rv&eacute;nyes k&eacute;pvisel\u0151 kezdem&eacute;nyezheti. <\/font><\/font><\/p>\n<p align=\"JUSTIFY\" style=\"margin-bottom: 0cm\">\n\t<font face=\"Times New Roman, serif\"><font size=\"4\">A t&aacute;mogat&aacute;s ir&aacute;nti k&eacute;relmet a v&eacute;d\u0151olt&aacute;s bead&aacute;s&aacute;t k&ouml;vet\u0151 30 napos jogveszt\u0151 hat&aacute;rid\u0151n bel&uuml;l lehet beny&uacute;jtani a Polg&aacute;rmesteri Hivataln&aacute;l.<\/font><\/font><\/p>\n<p align=\"JUSTIFY\" style=\"margin-bottom: 0cm\">\n\t<font face=\"Times New Roman, serif\"><font size=\"4\">A k&eacute;relemhez mell&eacute;kelni kell a beadott v&eacute;d\u0151olt&aacute;sr&oacute;l sz&oacute;l&oacute;, a telep&uuml;l&eacute;sen ter&uuml;leti ell&aacute;t&aacute;si k&ouml;telezetts&eacute;ggel feladatot ell&aacute;t&oacute; h&aacute;ziorvos igazol&aacute;s&aacute;t &eacute;s az olt&oacute;anyag megv&aacute;s&aacute;rl&aacute;s&aacute;t igazol&oacute; gy&oacute;gyszert&aacute;ri bizonylatot. Az igazol&aacute;s az olt&aacute;si k&ouml;nyv bemutat&aacute;s&aacute;val is helyettes&iacute;thet\u0151. <\/font><\/font><\/p>\n<p align=\"JUSTIFY\" style=\"margin-bottom: 0cm\">\n\t&nbsp;<\/p>\n<p align=\"JUSTIFY\" style=\"margin-bottom: 0cm\">\n\t<font face=\"Times New Roman, serif\"><font size=\"4\">Mindh&aacute;rom ell&aacute;t&aacute;ssal kapcsolatosan r&eacute;szletesebb t&aacute;j&eacute;koztat&aacute;st kaphat a Polg&aacute;rmesteri Hivataln&aacute;l, R&aacute;cz Tiborn&eacute; &uuml;gyint&eacute;z\u0151n&eacute;l, ahol beszerezheti a t&aacute;mogat&aacute;sok ig&eacute;nyl&eacute;s&eacute;hez haszn&aacute;lhat&oacute; formanyomtatv&aacute;nyokat is. <\/font><\/font><\/p>\n<p align=\"JUSTIFY\" style=\"margin-bottom: 0cm\">\n\t&nbsp;<\/p>\n<p align=\"JUSTIFY\" style=\"margin-bottom: 0cm\">\n\t<em><font face=\"Times New Roman, serif\"><font size=\"4\">Eszt&aacute;r, 2016. &aacute;prilis 1. <\/font><\/font><\/em><\/p>\n<p align=\"JUSTIFY\" style=\"margin-bottom: 0cm\">\n\t&nbsp;<\/p>\n<p align=\"RIGHT\" style=\"margin-bottom: 0cm\">\n\t<em><font face=\"Times New Roman, serif\"><font size=\"4\">Sz&eacute;csi Tam&aacute;s sk.<\/font><\/font><\/em><\/p>\n<p align=\"RIGHT\" style=\"margin-bottom: 0cm\">\n\t<em><font face=\"Times New Roman, serif\"><font size=\"4\">polg&aacute;rmester&nbsp;<\/font><\/font><\/em><\/p>\n","protected":false},"excerpt":{"rendered":"<p>Tisztelt Eszt&aacute;ri Lakosok! Eszt&aacute;r K&ouml;zs&eacute;g &Ouml;nkorm&aacute;nyzat&aacute;nak K&eacute;pvisel\u0151-test&uuml;lete a 2016. m&aacute;rcius 31-&eacute;n tartott &uuml;l&eacute;s&eacute;n elfogadta a helyi telep&uuml;l&eacute;si t&aacute;mogat&aacute;sokr&oacute;l sz&oacute;l&oacute; rendelet&eacute;nek a m&oacute;dos&iacute;t&aacute;s&aacute;t, amelyben h&aacute;rom &uacute;j ell&aacute;t&aacute;si form&aacute;t vezetett be.<\/p>\n","protected":false},"author":2,"featured_media":0,"comment_status":"closed","ping_status":"open","sticky":false,"template":"","format":"standard","meta":{"_sitemap_exclude":false,"_sitemap_priority":"","_sitemap_frequency":"","footnotes":""},"categories":[48],"tags":[],"class_list":["post-17481","post","type-post","status-publish","format-standard","hentry","category-onkormanyzat"],"_links":{"self":[{"href":"https:\/\/esztar.hu\/index.php?rest_route=\/wp\/v2\/posts\/17481","targetHints":{"allow":["GET"]}}],"collection":[{"href":"https:\/\/esztar.hu\/index.php?rest_route=\/wp\/v2\/posts"}],"about":[{"href":"https:\/\/esztar.hu\/index.php?rest_route=\/wp\/v2\/types\/post"}],"author":[{"embeddable":true,"href":"https:\/\/esztar.hu\/index.php?rest_route=\/wp\/v2\/users\/2"}],"replies":[{"embeddable":true,"href":"https:\/\/esztar.hu\/index.php?rest_route=%2Fwp%2Fv2%2Fcomments&post=17481"}],"version-history":[{"count":0,"href":"https:\/\/esztar.hu\/index.php?rest_route=\/wp\/v2\/posts\/17481\/revisions"}],"wp:attachment":[{"href":"https:\/\/esztar.hu\/index.php?rest_route=%2Fwp%2Fv2%2Fmedia&parent=17481"}],"wp:term":[{"taxonomy":"category","embeddable":true,"href":"https:\/\/esztar.hu\/index.php?rest_route=%2Fwp%2Fv2%2Fcategories&post=17481"},{"taxonomy":"post_tag","embeddable":true,"href":"https:\/\/esztar.hu\/index.php?rest_route=%2Fwp%2Fv2%2Ftags&post=17481"}],"curies":[{"name":"wp","href":"https:\/\/api.w.org\/{rel}","templated":true}]}}