{"id":17445,"date":"2016-01-19T14:51:26","date_gmt":"2016-01-19T13:51:26","guid":{"rendered":"https:\/\/esztar.hu\/2016\/01\/19\/masodik-adventi-gyertyagyujtas\/"},"modified":"2016-01-19T14:51:26","modified_gmt":"2016-01-19T13:51:26","slug":"masodik-adventi-gyertyagyujtas","status":"publish","type":"post","link":"https:\/\/esztar.hu\/?p=17445","title":{"rendered":"M\u00e1sodik adventi gyertyagy\u00fajt\u00e1s"},"content":{"rendered":"<div>\n<div>\n\t\tA m&aacute;sodik gyertya l&aacute;ngja is fellobbant Szil&aacute;gyi Gr&eacute;ta seg&iacute;ts&eacute;g&eacute;vel. F\u0151ter&uuml;nk gazdagodott, egy nagyon sz&eacute;p feny\u0151f&aacute;val amit Csengeri S&aacute;ndor &eacute;s csal&aacute;dja aj&aacute;nlott fel, &eacute;s hely&eacute;re ker&uuml;lt a &quot;Mindenki Kapuja&quot; is. Cz&aacute;r Lajos &eacute;s Gy&ouml;rgyp&aacute;l Imre k&ouml;zrem\u0171k&ouml;d&eacute;s&eacute;vel a kaput a Bibliat&aacute;borban kezdt&eacute;k el faragni a gyerekek, ami a m&aacute;sodik adventi gyertyagy&uacute;jt&aacute;sra k&eacute;sz&uuml;lt el. K&uuml;l&ouml;nb&ouml;z\u0151 n&eacute;pi mot&iacute;vumok d&iacute;sz&iacute;tik amit b&aacute;rki megcsod&aacute;lhat &eacute;s &aacute;tmehet alatta. Id\u0151k&ouml;zben meg&eacute;rkezett a Mikul&aacute;s &eacute;s krampusza, a gyerekek versekkel &eacute;s &eacute;nekekkel j&aacute;rtak kedv&eacute;ben a T&eacute;lap&oacute;nak aki finoms&aacute;ggal k&ouml;sz&ouml;nte ezt meg.&nbsp;<\/div>\n<div>\n\t\t&nbsp;<\/div>\n<\/div>\n","protected":false},"excerpt":{"rendered":"<p>A m&aacute;sodik gyertya l&aacute;ngja is fellobbant Szil&aacute;gyi Gr&eacute;ta seg&iacute;ts&eacute;g&eacute;vel. F\u0151ter&uuml;nk gazdagodott, egy nagyon sz&eacute;p feny\u0151f&aacute;val amit Csengeri S&aacute;ndor &eacute;s csal&aacute;dja aj&aacute;nlott fel, &eacute;s hely&eacute;re ker&uuml;lt a &quot;Mindenki Kapuja&quot; is. Cz&aacute;r Lajos &eacute;s Gy&ouml;rgyp&aacute;l Imre k&ouml;zrem\u0171k&ouml;d&eacute;s&eacute;vel a kaput a Bibliat&aacute;borban kezdt&eacute;k el faragni a gyerekek, ami a m&aacute;sodik adventi gyertyagy&uacute;jt&aacute;sra k&eacute;sz&uuml;lt el. K&uuml;l&ouml;nb&ouml;z\u0151 n&eacute;pi mot&iacute;vumok d&iacute;sz&iacute;tik<\/p>\n","protected":false},"author":2,"featured_media":0,"comment_status":"closed","ping_status":"open","sticky":false,"template":"","format":"standard","meta":{"_sitemap_exclude":false,"_sitemap_priority":"","_sitemap_frequency":"","footnotes":""},"categories":[64],"tags":[],"class_list":["post-17445","post","type-post","status-publish","format-standard","hentry","category-kozossegi-elet"],"_links":{"self":[{"href":"https:\/\/esztar.hu\/index.php?rest_route=\/wp\/v2\/posts\/17445","targetHints":{"allow":["GET"]}}],"collection":[{"href":"https:\/\/esztar.hu\/index.php?rest_route=\/wp\/v2\/posts"}],"about":[{"href":"https:\/\/esztar.hu\/index.php?rest_route=\/wp\/v2\/types\/post"}],"author":[{"embeddable":true,"href":"https:\/\/esztar.hu\/index.php?rest_route=\/wp\/v2\/users\/2"}],"replies":[{"embeddable":true,"href":"https:\/\/esztar.hu\/index.php?rest_route=%2Fwp%2Fv2%2Fcomments&post=17445"}],"version-history":[{"count":0,"href":"https:\/\/esztar.hu\/index.php?rest_route=\/wp\/v2\/posts\/17445\/revisions"}],"wp:attachment":[{"href":"https:\/\/esztar.hu\/index.php?rest_route=%2Fwp%2Fv2%2Fmedia&parent=17445"}],"wp:term":[{"taxonomy":"category","embeddable":true,"href":"https:\/\/esztar.hu\/index.php?rest_route=%2Fwp%2Fv2%2Fcategories&post=17445"},{"taxonomy":"post_tag","embeddable":true,"href":"https:\/\/esztar.hu\/index.php?rest_route=%2Fwp%2Fv2%2Ftags&post=17445"}],"curies":[{"name":"wp","href":"https:\/\/api.w.org\/{rel}","templated":true}]}}