{"id":17444,"date":"2016-01-19T14:51:26","date_gmt":"2016-01-19T13:51:26","guid":{"rendered":"https:\/\/esztar.hu\/2016\/01\/19\/elso-adventi-gyertyagyujtas\/"},"modified":"2016-01-19T14:51:26","modified_gmt":"2016-01-19T13:51:26","slug":"elso-adventi-gyertyagyujtas","status":"publish","type":"post","link":"https:\/\/esztar.hu\/?p=17444","title":{"rendered":"Els\u0151 adventi gyertyagy\u00fajt\u00e1s"},"content":{"rendered":"<div>\n\tAz els\u0151 adventi gyertyagy&uacute;jt&aacute;st telep&uuml;l&eacute;s&uuml;nk&ouml;n, a hagyom&aacute;nyok szerint Eszt&aacute;r k&ouml;zs&eacute;g f\u0151ter&eacute;n tartottuk meg. Az &uuml;nneps&eacute;get Kol&aacute;r Norbertn&eacute; Reform&aacute;tus lelk&eacute;sz besz&eacute;de nyitotta meg, majd a m\u0171sort az Alapfok&uacute; M\u0171v&eacute;szeti Iskola tanul&oacute;i folytatt&aacute;k. Ezt k&ouml;vet\u0151en az els\u0151 Adventi gyerty&aacute;t &nbsp;K&eacute;ri D&aacute;niel gy&uacute;jtotta meg. Miel\u0151tt a p&oacute;dium besz&eacute;lget&eacute;sre sor ker&uuml;lt volna, Jenei Zolt&aacute;n volt eszt&aacute;ri reform&aacute;tus lelk&eacute;sz, im&aacute;ba foglalva &aacute;ld&aacute;s&aacute;t k&eacute;rte telep&uuml;l&eacute;s&uuml;nk lak&oacute;ira. A m\u0171vel\u0151d&eacute;si h&aacute;z nagyterm&eacute;ben folytatott besz&eacute;lget&eacute;s alatt Sz&eacute;csi Attila k&eacute;rd&eacute;sire v&aacute;laszolt lelk&eacute;sz &uacute;r.<\/div>\n<div>\n\t&nbsp;<\/div>\n","protected":false},"excerpt":{"rendered":"<p>Az els\u0151 adventi gyertyagy&uacute;jt&aacute;st telep&uuml;l&eacute;s&uuml;nk&ouml;n, a hagyom&aacute;nyok szerint Eszt&aacute;r k&ouml;zs&eacute;g f\u0151ter&eacute;n tartottuk meg. Az &uuml;nneps&eacute;get Kol&aacute;r Norbertn&eacute; Reform&aacute;tus lelk&eacute;sz besz&eacute;de nyitotta meg, majd a m\u0171sort az Alapfok&uacute; M\u0171v&eacute;szeti Iskola tanul&oacute;i folytatt&aacute;k. Ezt k&ouml;vet\u0151en az els\u0151 Adventi gyerty&aacute;t &nbsp;K&eacute;ri D&aacute;niel gy&uacute;jtotta meg. Miel\u0151tt a p&oacute;dium besz&eacute;lget&eacute;sre sor ker&uuml;lt volna, Jenei Zolt&aacute;n volt eszt&aacute;ri reform&aacute;tus lelk&eacute;sz, im&aacute;ba<\/p>\n","protected":false},"author":2,"featured_media":0,"comment_status":"closed","ping_status":"open","sticky":false,"template":"","format":"standard","meta":{"_sitemap_exclude":false,"_sitemap_priority":"","_sitemap_frequency":"","footnotes":""},"categories":[64],"tags":[],"class_list":["post-17444","post","type-post","status-publish","format-standard","hentry","category-kozossegi-elet"],"_links":{"self":[{"href":"https:\/\/esztar.hu\/index.php?rest_route=\/wp\/v2\/posts\/17444","targetHints":{"allow":["GET"]}}],"collection":[{"href":"https:\/\/esztar.hu\/index.php?rest_route=\/wp\/v2\/posts"}],"about":[{"href":"https:\/\/esztar.hu\/index.php?rest_route=\/wp\/v2\/types\/post"}],"author":[{"embeddable":true,"href":"https:\/\/esztar.hu\/index.php?rest_route=\/wp\/v2\/users\/2"}],"replies":[{"embeddable":true,"href":"https:\/\/esztar.hu\/index.php?rest_route=%2Fwp%2Fv2%2Fcomments&post=17444"}],"version-history":[{"count":0,"href":"https:\/\/esztar.hu\/index.php?rest_route=\/wp\/v2\/posts\/17444\/revisions"}],"wp:attachment":[{"href":"https:\/\/esztar.hu\/index.php?rest_route=%2Fwp%2Fv2%2Fmedia&parent=17444"}],"wp:term":[{"taxonomy":"category","embeddable":true,"href":"https:\/\/esztar.hu\/index.php?rest_route=%2Fwp%2Fv2%2Fcategories&post=17444"},{"taxonomy":"post_tag","embeddable":true,"href":"https:\/\/esztar.hu\/index.php?rest_route=%2Fwp%2Fv2%2Ftags&post=17444"}],"curies":[{"name":"wp","href":"https:\/\/api.w.org\/{rel}","templated":true}]}}