{"id":17442,"date":"2016-01-19T14:37:54","date_gmt":"2016-01-19T13:37:54","guid":{"rendered":"https:\/\/esztar.hu\/2016\/01\/19\/marton-napi-libalakoma\/"},"modified":"2016-01-19T14:37:54","modified_gmt":"2016-01-19T13:37:54","slug":"marton-napi-libalakoma","status":"publish","type":"post","link":"https:\/\/esztar.hu\/?p=17442","title":{"rendered":"M\u00e1rton napi libalakoma"},"content":{"rendered":"<div>\n\tEls\u0151 alkalommal ker&uuml;lt megrendez&eacute;sre az &Iacute;zek- H&aacute;z&aacute;ban. Lib&aacute;s &eacute;telek elk&eacute;sz&iacute;t&eacute;s&eacute;ben k&ouml;zel 15 csapat m&eacute;rette meg tud&aacute;s&aacute;t f\u0151z\u0151verseny keret&eacute;ben. A gyerekeknek ek&ouml;zben vet&eacute;lked\u0151k &eacute;s k&eacute;zm\u0171ves foglalkoz&aacute;sok voltak a helysz&iacute;nen szervezve. D&eacute;lut&aacute;n folyam&aacute;n a Sugallo zenekar biztos&iacute;totta a hangulatot. A nap folyam&aacute;n volt lehet\u0151s&eacute;g lib&aacute;b&oacute;l k&eacute;sz&uuml;lt &eacute;telek v&aacute;s&aacute;rl&aacute;s&aacute;ra is. Este a m\u0171vel\u0151d&eacute;si h&aacute;z nagyterm&eacute;ben P&eacute;ter Szab&oacute; Szilvia &eacute;nekesn\u0151 gondoskodott a j&oacute; hangulatr&oacute;l, amit egy fergeteges buli k&ouml;vetett.<\/div>\n<div>\n\t&nbsp;<\/div>\n","protected":false},"excerpt":{"rendered":"<p>Els\u0151 alkalommal ker&uuml;lt megrendez&eacute;sre az &Iacute;zek- H&aacute;z&aacute;ban. Lib&aacute;s &eacute;telek elk&eacute;sz&iacute;t&eacute;s&eacute;ben k&ouml;zel 15 csapat m&eacute;rette meg tud&aacute;s&aacute;t f\u0151z\u0151verseny keret&eacute;ben. A gyerekeknek ek&ouml;zben vet&eacute;lked\u0151k &eacute;s k&eacute;zm\u0171ves foglalkoz&aacute;sok voltak a helysz&iacute;nen szervezve. D&eacute;lut&aacute;n folyam&aacute;n a Sugallo zenekar biztos&iacute;totta a hangulatot. A nap folyam&aacute;n volt lehet\u0151s&eacute;g lib&aacute;b&oacute;l k&eacute;sz&uuml;lt &eacute;telek v&aacute;s&aacute;rl&aacute;s&aacute;ra is. Este a m\u0171vel\u0151d&eacute;si h&aacute;z nagyterm&eacute;ben P&eacute;ter Szab&oacute; Szilvia<\/p>\n","protected":false},"author":2,"featured_media":0,"comment_status":"closed","ping_status":"open","sticky":false,"template":"","format":"standard","meta":{"_sitemap_exclude":false,"_sitemap_priority":"","_sitemap_frequency":"","footnotes":""},"categories":[64],"tags":[],"class_list":["post-17442","post","type-post","status-publish","format-standard","hentry","category-kozossegi-elet"],"_links":{"self":[{"href":"https:\/\/esztar.hu\/index.php?rest_route=\/wp\/v2\/posts\/17442","targetHints":{"allow":["GET"]}}],"collection":[{"href":"https:\/\/esztar.hu\/index.php?rest_route=\/wp\/v2\/posts"}],"about":[{"href":"https:\/\/esztar.hu\/index.php?rest_route=\/wp\/v2\/types\/post"}],"author":[{"embeddable":true,"href":"https:\/\/esztar.hu\/index.php?rest_route=\/wp\/v2\/users\/2"}],"replies":[{"embeddable":true,"href":"https:\/\/esztar.hu\/index.php?rest_route=%2Fwp%2Fv2%2Fcomments&post=17442"}],"version-history":[{"count":0,"href":"https:\/\/esztar.hu\/index.php?rest_route=\/wp\/v2\/posts\/17442\/revisions"}],"wp:attachment":[{"href":"https:\/\/esztar.hu\/index.php?rest_route=%2Fwp%2Fv2%2Fmedia&parent=17442"}],"wp:term":[{"taxonomy":"category","embeddable":true,"href":"https:\/\/esztar.hu\/index.php?rest_route=%2Fwp%2Fv2%2Fcategories&post=17442"},{"taxonomy":"post_tag","embeddable":true,"href":"https:\/\/esztar.hu\/index.php?rest_route=%2Fwp%2Fv2%2Ftags&post=17442"}],"curies":[{"name":"wp","href":"https:\/\/api.w.org\/{rel}","templated":true}]}}