{"id":17370,"date":"2015-12-25T22:33:39","date_gmt":"2015-12-25T21:33:39","guid":{"rendered":"https:\/\/esztar.hu\/2015\/12\/25\/nemcsak-a-huszeveseke-a-vilag\/"},"modified":"2015-12-25T22:33:39","modified_gmt":"2015-12-25T21:33:39","slug":"nemcsak-a-huszeveseke-a-vilag","status":"publish","type":"post","link":"https:\/\/esztar.hu\/?p=17370","title":{"rendered":"Nemcsak a h\u00fasz\u00e9vesek\u00e9 a vil\u00e1g"},"content":{"rendered":"<p>M\u00e1r hagyom\u00e1nny\u00e1 v\u00e1lt, hogy minden \u00e9vben egyszer \u00f6sszegy\u0171l\u00fcnk \u00e9s kifejezz\u00fck tisztelet\u00fcnket, megbecs\u00fcl\u00e9s\u00fcnket, h\u00e1l\u00e1nkat az id\u0151s emberek ir\u00e1nt. \u00cdgy tett\u00fck ezt 2015. okt\u00f3ber 17-\u00e9n is, imm\u00e1ron \u00f6t\u00f6dik alkalommal.<\/p>\n<p><!--more--><\/p>\n<p>\u00a0<\/p>\n<p>Mint minden \u00e9vben \u00edgy az id\u00e9n is Sz\u00e9csi Tam\u00e1s polg\u00e1rmester \u00far k\u00f6sz\u00f6nt\u0151je nyitotta meg a napot, majd ezt k\u00f6vette az \u00fcnnep\u00e9lyes d\u00edj\u00e1tad\u00e1s, melynek keretein bel\u00fcl: Di\u00f3s G\u00e1born\u00e9, Kol\u00e1r Norbertn\u00e9 \u00e9s Sz\u00e9csi Tam\u00e1s Polg\u00e1rmester \u00dar kapta meg az elismer\u00e9ssel j\u00e1r\u00f3 eml\u00e9k\u00e9rmet.<\/p>\n<p>A nap tov\u00e1bbi r\u00e9sz\u00e9ben a sz\u00ednpadi m\u0171sor\u00e9 lett a f\u0151szerep, \u00edgy l\u00e1thattuk az Epreskert \u00d3voda nagycsoportosait, az \u00e1ltal\u00e1nos iskola 2. oszt\u00e1lyosait, akik versekkel \u00e9s t\u00e1nccal kedveskedtek a megjelent vend\u00e9geknek, ezt k\u00f6vet\u0151en Sz\u0151ll\u0151si Tibor szavalat\u00e1t halhattuk, \u0151t k\u00f6vette a sz\u00ednj\u00e1tsz\u00f3 csoport, akik a F\u00f6sv\u00e9ny leg\u00e9ny h\u00e1zasodik c\u00edm\u0171 t\u00f6rt\u00e9netet mutatt\u00e1k be, majd Sz\u00e9csi K\u00e1rolyn\u00e9 vers\u00e9vel z\u00e1rult a sz\u00ednpadi m\u0171sor.<\/p>\n<p>Ezt k\u00f6vet\u0151en egy finom eb\u00e9ddel kedveskedt\u00fcnk vend\u00e9geinknek, mely ut\u00e1n M\u00e1rkus Ica m\u0171v\u00e9szn\u0151 l\u00e9pett sz\u00ednpadra. M\u0171sor\u00e1val megalapozta a d\u00e9lut\u00e1n remek hangulat\u00e1t. A nap v\u00e9g\u00e9n egy szer\u00e9ny aj\u00e1nd\u00e9kcsomagot is \u00e1tvehetett mindenki Sz\u00e9csi Tam\u00e1s polg\u00e1rmester \u00fart\u00f3l.<\/p>\n","protected":false},"excerpt":{"rendered":"<p>M\u00e1r hagyom\u00e1nny\u00e1 v\u00e1lt, hogy minden \u00e9vben egyszer \u00f6sszegy\u0171l\u00fcnk \u00e9s kifejezz\u00fck tisztelet\u00fcnket, megbecs\u00fcl\u00e9s\u00fcnket, h\u00e1l\u00e1nkat az id\u0151s emberek ir\u00e1nt. \u00cdgy tett\u00fck ezt 2015. okt\u00f3ber 17-\u00e9n is, imm\u00e1ron \u00f6t\u00f6dik alkalommal.<\/p>\n","protected":false},"author":2,"featured_media":0,"comment_status":"closed","ping_status":"open","sticky":false,"template":"","format":"standard","meta":{"_sitemap_exclude":false,"_sitemap_priority":"","_sitemap_frequency":"","footnotes":""},"categories":[41],"tags":[],"class_list":["post-17370","post","type-post","status-publish","format-standard","hentry","category-hirek"],"_links":{"self":[{"href":"https:\/\/esztar.hu\/index.php?rest_route=\/wp\/v2\/posts\/17370","targetHints":{"allow":["GET"]}}],"collection":[{"href":"https:\/\/esztar.hu\/index.php?rest_route=\/wp\/v2\/posts"}],"about":[{"href":"https:\/\/esztar.hu\/index.php?rest_route=\/wp\/v2\/types\/post"}],"author":[{"embeddable":true,"href":"https:\/\/esztar.hu\/index.php?rest_route=\/wp\/v2\/users\/2"}],"replies":[{"embeddable":true,"href":"https:\/\/esztar.hu\/index.php?rest_route=%2Fwp%2Fv2%2Fcomments&post=17370"}],"version-history":[{"count":0,"href":"https:\/\/esztar.hu\/index.php?rest_route=\/wp\/v2\/posts\/17370\/revisions"}],"wp:attachment":[{"href":"https:\/\/esztar.hu\/index.php?rest_route=%2Fwp%2Fv2%2Fmedia&parent=17370"}],"wp:term":[{"taxonomy":"category","embeddable":true,"href":"https:\/\/esztar.hu\/index.php?rest_route=%2Fwp%2Fv2%2Fcategories&post=17370"},{"taxonomy":"post_tag","embeddable":true,"href":"https:\/\/esztar.hu\/index.php?rest_route=%2Fwp%2Fv2%2Ftags&post=17370"}],"curies":[{"name":"wp","href":"https:\/\/api.w.org\/{rel}","templated":true}]}}