{"id":17366,"date":"2015-12-25T22:24:35","date_gmt":"2015-12-25T21:24:35","guid":{"rendered":"https:\/\/esztar.hu\/2015\/12\/25\/nemzeti-osszetartozas-napja\/"},"modified":"2015-12-25T22:24:35","modified_gmt":"2015-12-25T21:24:35","slug":"nemzeti-osszetartozas-napja","status":"publish","type":"post","link":"https:\/\/esztar.hu\/?p=17366","title":{"rendered":"Nemzeti \u00d6sszetartoz\u00e1s Napja"},"content":{"rendered":"<p>2015. j\u00fanius 4-\u00e9n a Nemzeti \u00d6sszetartoz\u00e1s Napja alkalm\u00e1b\u00f3l rendezett \u00fcnnep\u00e9lyen m\u00e9lt\u00f3 m\u00f3don eml\u00e9kezett meg a telep\u00fcl\u00e9s lakoss\u00e1g\u00e1nak egy r\u00e9sze az 1920-as trianoni b\u00e9keszerz\u0151d\u00e9s al\u00e1\u00edr\u00e1s\u00e1nak \u00e9vfordul\u00f3j\u00e1r\u00f3l.<\/p>\n<p><!--more--><\/p>\n<p>A f\u0151t\u00e9ren \u00f6sszegy\u0171lt kis k\u00f6z\u00f6ss\u00e9g els\u0151k\u00e9nt a Himnuszt hallgatta meg. Azt k\u00f6vette Sz\u00e9csi Attila \u00fcnnepi besz\u00e9de, aki mondataiban visszaid\u00e9zte az 1920. j\u00fanius 4-\u00e9n f\u00e9l \u00f6tkor a Nagy-Trianon palot\u00e1ban az I. vil\u00e1gh\u00e1bor\u00fat lez\u00e1r\u00f3 b\u00e9keszerz\u0151d\u00e9sek Magyarorsz\u00e1gra er\u0151szakolt r\u00e9sz\u00e9nek al\u00e1\u00edr\u00e1s\u00e1nak k\u00f6r\u00fclm\u00e9nyeit. M\u00e9g ennyi \u00e9v t\u00e1vlat\u00e1b\u00f3l is megrend\u00edt\u0151 volt ism\u00e9t hallani, hogy az egykori sz\u00e9p nagy orsz\u00e1gunkat milyen borzalmas m\u00e9rt\u00e9kben csonk\u00edtott\u00e1k meg mind f\u00f6ldrajzi, nemzeti, gazdas\u00e1gi, kultur\u00e1lis \u00e9s \u00e9rzelmi vonatkoz\u00e1sban. A 14 r\u00e9szb\u0151l, 364 cikkb\u0151l \u00e9s t\u00f6bb f\u00fcggel\u00e9kb\u0151l \u00e1ll\u00f3 trianoni b\u00e9keszerz\u0151d\u00e9s alapj\u00e1n Magyarorsz\u00e1g (Horv\u00e1torsz\u00e1g n\u00e9lk\u00fcli) ter\u00fclet\u00e9t 293 ezer n\u00e9gyzetkilom\u00e9terr\u0151l 93 ezerre, lakoss\u00e1g\u00e1t 18,2 milli\u00f3r\u00f3l 7,6 milli\u00f3ra cs\u00f6kkentett\u00e9k.Ezzel a magyar \u00e1llam elvesztette ter\u00fclet\u00e9nek mintegy k\u00e9tharmad\u00e1t, ipar\u00e1nak 38, nemzeti j\u00f6vedelm\u00e9nek 67 sz\u00e1zal\u00e9k\u00e1t. E s\u00falyos vesztes\u00e9geken k\u00edv\u00fcl a b\u00e9keszerz\u0151d\u00e9s j\u00f3v\u00e1t\u00e9tel fizet\u00e9s\u00e9re k\u00f6telezte Magyarorsz\u00e1got. Az \u00faj hat\u00e1rok m\u00e9lyen belev\u00e1gtak a magyar nemzet test\u00e9be. Komor m\u00e9lt\u00f3s\u00e1ggal hallgatt\u00e1k a r\u00e9sztvev\u0151k Tan\u00e1r \u00far szavait. Az Irinyi K\u00e1roly \u00c1ltal\u00e1nos Iskola tanul\u00f3i a trianoni vesztes\u00e9get elpanaszol\u00f3 versekkel, t\u00f6rt\u00e9nelmi t\u00e9nyekkel vitt\u00e9k tov\u00e1bb a visszaeml\u00e9kez\u00e9s m\u00e9lab\u00fas hangulat- \u00e9s \u00e9rzelemvil\u00e1g\u00e1t. Az elhangzott k\u00f6ltem\u00e9nyeken \u00e9s le\u00edr\u00e1sokon kereszt\u00fcl annak a 23,4 milli\u00f3 lakosnak a f\u00e1jdalma lett megsz\u00f3laltatva, akik a trianoni d\u00f6nt\u00e9s \u00e9rtelm\u00e9ben az orsz\u00e1ghat\u00e1ron t\u00falra ker\u00fcltek. De ugyan\u00fagy megszenvedt\u00e9k e d\u00f6nt\u00e9st az orsz\u00e1gban maradott honfit\u00e1rsak is. Az \u0151shonos magyar n\u00e9pess\u00e9g \u00f6t, a mai \u00e1llapot szerint nyolc \u00e1llamban tal\u00e1lta mag\u00e1t, \u00e9s vele egy\u00fctt t\u00f6rt\u00e9nelmi \u00e9s kultur\u00e1lis eml\u00e9khelyeinek nagy r\u00e9sz\u00e9t is. A trianoni d\u00f6nt\u00e9s 23,4 milli\u00f3 lakost \u00e9rintett.\u00a0Az \u00c1ltal\u00e1nos Iskola \u00e9nekkar\u00e1nak di\u00e1kjai rezign\u00e1lt hangulat\u00fa dallamokat sz\u00f3laltattak meg \u00e9nekhangjukon. Kalm\u00e1r Ilona git\u00e1rj\u00e1t\u00e9ka tette gazdagabb\u00e1 az \u00e1ltal\u00e1nos iskol\u00e1sok m\u0171sor\u00e1t.<\/p>\n<p>A Sz\u00e9csi K\u00e1roly kezdem\u00e9nyez\u00e9s\u00e9re k\u00e9sz\u00edttetett trianoni eml\u00e9km\u0171n\u00e9l koszor\u00fat helyezett el Eszt\u00e1r k\u00f6zs\u00e9g \u00d6nkorm\u00e1nyzat\u00e1nak nev\u00e9ben Sz\u00e9csi Tam\u00e1s Polg\u00e1rmester \u00far \u00e9s Fek\u00e9n\u00e9 Tarcsi Csilla Jegyz\u0151asszony. T\u00f6r\u00f6kn\u00e9 Cs\u00f6rsz Csilla Igazgat\u00f3asszony \u00e9s Vajasn\u00e9 Rag\u00e1lyi Edit Igazgat\u00f3helyettes asszony \u00e9s T\u00f6r\u00f6k Zolt\u00e1n az Irinyi K\u00e1roly \u00c1ltal\u00e1nos Iskola k\u00e9pviselet\u00e9ben helyezett el koszor\u00fat. Az Eszt\u00e1r Fejl\u0151d\u00e9s\u00e9\u00e9rt Alap\u00edtv\u00e1nyt k\u00e9pviselve Balogh Katalin rakott le koszor\u00fat. Ol\u00e1h S\u00e1ndor Eln\u00f6k \u00far az Eszt\u00e1ri B\u0171nmegel\u0151z\u00e9si Egyes\u00fclet \u00e9s Polg\u00e1r\u0151rs\u00e9g koszor\u00faj\u00e1val tisztelgett az eml\u00e9km\u0171 \u00e9s az alkalom el\u0151tt.\u00a0Sz\u00e9csi K\u00e1roly a Hagyom\u00e1ny\u0151rz\u0151k Bar\u00e1ti K\u00f6r\u00e9nek nev\u00e9ben r\u00f3tta le tisztelet\u00e9t koszor\u00fajukkal a megeml\u00e9kez\u00e9s alkalm\u00e1b\u00f3l.<\/p>\n","protected":false},"excerpt":{"rendered":"<p>2015. j\u00fanius 4-\u00e9n a Nemzeti \u00d6sszetartoz\u00e1s Napja alkalm\u00e1b\u00f3l rendezett \u00fcnnep\u00e9lyen m\u00e9lt\u00f3 m\u00f3don eml\u00e9kezett meg a telep\u00fcl\u00e9s lakoss\u00e1g\u00e1nak egy r\u00e9sze az 1920-as trianoni b\u00e9keszerz\u0151d\u00e9s al\u00e1\u00edr\u00e1s\u00e1nak \u00e9vfordul\u00f3j\u00e1r\u00f3l.<\/p>\n","protected":false},"author":2,"featured_media":0,"comment_status":"closed","ping_status":"open","sticky":false,"template":"","format":"standard","meta":{"_sitemap_exclude":false,"_sitemap_priority":"","_sitemap_frequency":"","footnotes":""},"categories":[41],"tags":[],"class_list":["post-17366","post","type-post","status-publish","format-standard","hentry","category-hirek"],"_links":{"self":[{"href":"https:\/\/esztar.hu\/index.php?rest_route=\/wp\/v2\/posts\/17366","targetHints":{"allow":["GET"]}}],"collection":[{"href":"https:\/\/esztar.hu\/index.php?rest_route=\/wp\/v2\/posts"}],"about":[{"href":"https:\/\/esztar.hu\/index.php?rest_route=\/wp\/v2\/types\/post"}],"author":[{"embeddable":true,"href":"https:\/\/esztar.hu\/index.php?rest_route=\/wp\/v2\/users\/2"}],"replies":[{"embeddable":true,"href":"https:\/\/esztar.hu\/index.php?rest_route=%2Fwp%2Fv2%2Fcomments&post=17366"}],"version-history":[{"count":0,"href":"https:\/\/esztar.hu\/index.php?rest_route=\/wp\/v2\/posts\/17366\/revisions"}],"wp:attachment":[{"href":"https:\/\/esztar.hu\/index.php?rest_route=%2Fwp%2Fv2%2Fmedia&parent=17366"}],"wp:term":[{"taxonomy":"category","embeddable":true,"href":"https:\/\/esztar.hu\/index.php?rest_route=%2Fwp%2Fv2%2Fcategories&post=17366"},{"taxonomy":"post_tag","embeddable":true,"href":"https:\/\/esztar.hu\/index.php?rest_route=%2Fwp%2Fv2%2Ftags&post=17366"}],"curies":[{"name":"wp","href":"https:\/\/api.w.org\/{rel}","templated":true}]}}